{"id":289114,"date":"2023-02-26T21:25:21","date_gmt":"2023-02-26T18:25:21","guid":{"rendered":"https:\/\/sana.sy\/es\/?p=289114"},"modified":"2023-02-26T21:25:21","modified_gmt":"2023-02-26T18:25:21","slug":"canciller-de-egipto-inicia-este-lunes-una-visita-a-siria","status":"publish","type":"post","link":"https:\/\/archive.sana.sy\/es\/?p=289114","title":{"rendered":"Canciller de Egipto inicia este lunes una visita a Siria"},"content":{"rendered":"<p style=\"text-align: justify;\"><span style=\"color: #800000;\"><strong>El Cairo, 26 feb (SANA)<\/strong><\/span>\u00a0 \u00a0El Ministerio de Relaciones Exteriores de Egipto anunci\u00f3 que el canciller Sameh Shoukry inicia este lunes una visita a Siria para transmitir un mensaje de solidaridad de su pa\u00eds a Siria tras el desastre del terremoto que ocurri\u00f3 el d\u00eda seis del mes en curso.<\/p>\n<p style=\"text-align: justify;\">\u201cShoukry viajar\u00e1 el lunes a Siria y Turqu\u00eda, en una visita destinada a transmitir un mensaje de solidaridad de Egipto a los dos pa\u00edses y sus dos pueblos hermanos, tras la cat\u00e1strofe del terremoto que dej\u00f3 cuantiosas p\u00e9rdidas\u201d, declar\u00f3 el portavoz del ministerio, el embajador Ahmed Abu Zeid.<\/p>\n<p style=\"text-align: justify;\">Abu Zeid agreg\u00f3 que se espera que el Ministro de Exteriores afirme, en sus reuniones tanto con Siria como con Turqu\u00eda, la disposici\u00f3n permanente de Egipto para brindar ayuda y asistencia a las personas afectadas en los dos pa\u00edses.<\/p>\n<p style=\"text-align: justify;\">fm\/rr<\/p>\n<p style=\"text-align: justify;\">\n","protected":false},"excerpt":{"rendered":"<p>El Cairo, 26 feb (SANA)\u00a0 \u00a0El Ministerio de Relaciones Exteriores de Egipto anunci\u00f3 que el canciller Sameh Shoukry inicia este lunes una visita a Siria para transmitir un mensaje de solidaridad de su pa\u00eds a Siria tras el desastre del terremoto que ocurri\u00f3 el d\u00eda seis del mes en curso. \u201cShoukry viajar\u00e1 el lunes a &hellip;<\/p>\n","protected":false},"author":31,"featured_media":289116,"comment_status":"closed","ping_status":"closed","sticky":false,"template":"","format":"standard","meta":{"footnotes":""},"categories":[597,467,7541],"tags":[],"class_list":["post-289114","post","type-post","status-publish","format-standard","has-post-thumbnail","","category-cinta-de-noticias","category-siria-y-el-mundo","category-ultimas-noticias"],"_links":{"self":[{"href":"https:\/\/archive.sana.sy\/es\/index.php?rest_route=\/wp\/v2\/posts\/289114"}],"collection":[{"href":"https:\/\/archive.sana.sy\/es\/index.php?rest_route=\/wp\/v2\/posts"}],"about":[{"href":"https:\/\/archive.sana.sy\/es\/index.php?rest_route=\/wp\/v2\/types\/post"}],"author":[{"embeddable":true,"href":"https:\/\/archive.sana.sy\/es\/index.php?rest_route=\/wp\/v2\/users\/31"}],"replies":[{"embeddable":true,"href":"https:\/\/archive.sana.sy\/es\/index.php?rest_route=%2Fwp%2Fv2%2Fcomments&post=289114"}],"version-history":[{"count":0,"href":"https:\/\/archive.sana.sy\/es\/index.php?rest_route=\/wp\/v2\/posts\/289114\/revisions"}],"wp:featuredmedia":[{"embeddable":true,"href":"https:\/\/archive.sana.sy\/es\/index.php?rest_route=\/wp\/v2\/media\/289116"}],"wp:attachment":[{"href":"https:\/\/archive.sana.sy\/es\/index.php?rest_route=%2Fwp%2Fv2%2Fmedia&parent=289114"}],"wp:term":[{"taxonomy":"category","embeddable":true,"href":"https:\/\/archive.sana.sy\/es\/index.php?rest_route=%2Fwp%2Fv2%2Fcategories&post=289114"},{"taxonomy":"post_tag","embeddable":true,"href":"https:\/\/archive.sana.sy\/es\/index.php?rest_route=%2Fwp%2Fv2%2Ftags&post=289114"}],"curies":[{"name":"wp","href":"https:\/\/api.w.org\/{rel}","templated":true}]}}