{"id":289121,"date":"2023-02-26T21:44:27","date_gmt":"2023-02-26T18:44:27","guid":{"rendered":"https:\/\/sana.sy\/es\/?p=289121"},"modified":"2023-02-26T21:45:16","modified_gmt":"2023-02-26T18:45:16","slug":"canciller-sirio-recibe-mensaje-de-su-homologo-rumano","status":"publish","type":"post","link":"https:\/\/archive.sana.sy\/es\/?p=289121","title":{"rendered":"Canciller sirio recibe mensaje de su hom\u00f3logo rumano"},"content":{"rendered":"<p style=\"text-align: justify;\"><span style=\"color: #800000;\"><strong>Damasco, 26 feb (SANA)<\/strong><\/span>\u00a0 \u00a0El ministro de Asuntos Exteriores y Expatriados, Faisal Al-Mekdad, recibi\u00f3 un mensaje de condolencias por las v\u00edctimas del terremoto del ministro de Asuntos Exteriores rumano, Bogdan Aurescu.<\/p>\n<p style=\"text-align: justify;\">\u201cNos doli\u00f3 escuchar la noticia de esta tragedia humana y la gran p\u00e9rdida de vidas como resultado del terremoto. Env\u00edo mis m\u00e1s profundas condolencias a las familias de las v\u00edctimas de esta tragedia y deseo una r\u00e1pida recuperaci\u00f3n para los heridos\u201d, dijo el canciller rumano en su mensaje.<\/p>\n<p style=\"text-align: justify;\">Aurescu agreg\u00f3: \u201cEn estos momentos dif\u00edciles, Rumania apoya al amistoso pueblo sirio\u201d.<\/p>\n<p style=\"text-align: justify;\">fm\/rr<\/p>\n","protected":false},"excerpt":{"rendered":"<p>Damasco, 26 feb (SANA)\u00a0 \u00a0El ministro de Asuntos Exteriores y Expatriados, Faisal Al-Mekdad, recibi\u00f3 un mensaje de condolencias por las v\u00edctimas del terremoto del ministro de Asuntos Exteriores rumano, Bogdan Aurescu. \u201cNos doli\u00f3 escuchar la noticia de esta tragedia humana y la gran p\u00e9rdida de vidas como resultado del terremoto. Env\u00edo mis m\u00e1s profundas condolencias &hellip;<\/p>\n","protected":false},"author":31,"featured_media":289122,"comment_status":"closed","ping_status":"closed","sticky":false,"template":"","format":"standard","meta":{"footnotes":""},"categories":[597,467,7541],"tags":[],"class_list":["post-289121","post","type-post","status-publish","format-standard","has-post-thumbnail","","category-cinta-de-noticias","category-siria-y-el-mundo","category-ultimas-noticias"],"_links":{"self":[{"href":"https:\/\/archive.sana.sy\/es\/index.php?rest_route=\/wp\/v2\/posts\/289121"}],"collection":[{"href":"https:\/\/archive.sana.sy\/es\/index.php?rest_route=\/wp\/v2\/posts"}],"about":[{"href":"https:\/\/archive.sana.sy\/es\/index.php?rest_route=\/wp\/v2\/types\/post"}],"author":[{"embeddable":true,"href":"https:\/\/archive.sana.sy\/es\/index.php?rest_route=\/wp\/v2\/users\/31"}],"replies":[{"embeddable":true,"href":"https:\/\/archive.sana.sy\/es\/index.php?rest_route=%2Fwp%2Fv2%2Fcomments&post=289121"}],"version-history":[{"count":0,"href":"https:\/\/archive.sana.sy\/es\/index.php?rest_route=\/wp\/v2\/posts\/289121\/revisions"}],"wp:featuredmedia":[{"embeddable":true,"href":"https:\/\/archive.sana.sy\/es\/index.php?rest_route=\/wp\/v2\/media\/289122"}],"wp:attachment":[{"href":"https:\/\/archive.sana.sy\/es\/index.php?rest_route=%2Fwp%2Fv2%2Fmedia&parent=289121"}],"wp:term":[{"taxonomy":"category","embeddable":true,"href":"https:\/\/archive.sana.sy\/es\/index.php?rest_route=%2Fwp%2Fv2%2Fcategories&post=289121"},{"taxonomy":"post_tag","embeddable":true,"href":"https:\/\/archive.sana.sy\/es\/index.php?rest_route=%2Fwp%2Fv2%2Ftags&post=289121"}],"curies":[{"name":"wp","href":"https:\/\/api.w.org\/{rel}","templated":true}]}}