{"id":289125,"date":"2023-02-26T21:40:33","date_gmt":"2023-02-26T18:40:33","guid":{"rendered":"https:\/\/sana.sy\/es\/?p=289125"},"modified":"2023-02-26T22:06:03","modified_gmt":"2023-02-26T19:06:03","slug":"maduro-homenajea-a-rescatistas-venezolanos-que-trabajaron-en-siria","status":"publish","type":"post","link":"https:\/\/archive.sana.sy\/es\/?p=289125","title":{"rendered":"Maduro homenajea a rescatistas venezolanos que trabajaron en Siria"},"content":{"rendered":"<p style=\"text-align: justify;\"><span style=\"color: #800000;\"><strong>Caracas, 26 feb (SANA)<\/strong><\/span>\u00a0 \u00a0El presidente venezolano Nicol\u00e1s Maduro entreg\u00f3, durante un acto de homenaje que se llev\u00f3 a cabo en el Palacio Presidencial, la medalla &#8220;Francisco de Miranda&#8221; de segundo grado, a los integrantes del equipo de rescate venezolano que particip\u00f3 en las operaciones de rescate en Siria asolada por el terremoto que sacudi\u00f3 al pa\u00eds.<\/p>\n<p style=\"text-align: justify;\">En el acto al que asisti\u00f3 el embajador Kinan Zahreddine, el presidente Maduro pronunci\u00f3 un breve discurso, en el que elogi\u00f3 a los integrantes del equipo, destac\u00f3 el esp\u00edritu solidario y humano de Venezuela y resalt\u00f3 que la bandera venezolana es una bandera de paz y solidaridad y no como las banderas de algunos pa\u00edses que invaden, matan, bombardean y destruyen.<\/p>\n<p style=\"text-align: justify;\">Maduro tambi\u00e9n agradeci\u00f3 al presidente Bashar Al-Assad y al pueblo sirio por la cordialidad y hospitalidad con la que recibieron al equipo de rescate venezolano, y asegur\u00f3 que Venezuela enviar\u00e1 m\u00e1s ayuda humanitaria a afectados por el terremoto.<\/p>\n<p style=\"text-align: justify;\">Por su parte, el embajador Kinan Zahreddine reiter\u00f3 el agradecimiento y reconocimiento del gobierno y pueblo sirio al amigo gobierno y pueblo venezolano por sus m\u00e1s sinceras condolencias por las v\u00edctimas del terremoto y por su respuesta humanitaria.<\/p>\n<p style=\"text-align: justify;\">fm\/rr<\/p>\n<div id='gallery-1' class='gallery galleryid-289125 gallery-columns-1 gallery-size-full'><figure class='gallery-item'>\n\t\t\t<div class='gallery-icon portrait'>\n\t\t\t\t<a href='https:\/\/archive.sana.sy\/es\/wp-content\/uploads\/2023\/02\/photo_2023-02-26_21-08-50.jpg'><img loading=\"lazy\" decoding=\"async\" width=\"960\" height=\"1280\" src=\"https:\/\/archive.sana.sy\/es\/wp-content\/uploads\/2023\/02\/photo_2023-02-26_21-08-50.jpg\" class=\"attachment-full size-full\" alt=\"\" srcset=\"https:\/\/archive.sana.sy\/es\/wp-content\/uploads\/2023\/02\/photo_2023-02-26_21-08-50.jpg 960w, https:\/\/archive.sana.sy\/es\/wp-content\/uploads\/2023\/02\/photo_2023-02-26_21-08-50-225x300.jpg 225w, https:\/\/archive.sana.sy\/es\/wp-content\/uploads\/2023\/02\/photo_2023-02-26_21-08-50-768x1024.jpg 768w, https:\/\/archive.sana.sy\/es\/wp-content\/uploads\/2023\/02\/photo_2023-02-26_21-08-50-113x150.jpg 113w\" sizes=\"(max-width: 960px) 100vw, 960px\" \/><\/a>\n\t\t\t<\/div><\/figure>\n\t\t<\/div>\n\n","protected":false},"excerpt":{"rendered":"<p>Caracas, 26 feb (SANA)\u00a0 \u00a0El presidente venezolano Nicol\u00e1s Maduro entreg\u00f3, durante un acto de homenaje que se llev\u00f3 a cabo en el Palacio Presidencial, la medalla &#8220;Francisco de Miranda&#8221; de segundo grado, a los integrantes del equipo de rescate venezolano que particip\u00f3 en las operaciones de rescate en Siria asolada por el terremoto que sacudi\u00f3 &hellip;<\/p>\n","protected":false},"author":31,"featured_media":289129,"comment_status":"closed","ping_status":"closed","sticky":false,"template":"","format":"standard","meta":{"footnotes":""},"categories":[597,467,7541],"tags":[],"class_list":["post-289125","post","type-post","status-publish","format-standard","has-post-thumbnail","","category-cinta-de-noticias","category-siria-y-el-mundo","category-ultimas-noticias"],"_links":{"self":[{"href":"https:\/\/archive.sana.sy\/es\/index.php?rest_route=\/wp\/v2\/posts\/289125"}],"collection":[{"href":"https:\/\/archive.sana.sy\/es\/index.php?rest_route=\/wp\/v2\/posts"}],"about":[{"href":"https:\/\/archive.sana.sy\/es\/index.php?rest_route=\/wp\/v2\/types\/post"}],"author":[{"embeddable":true,"href":"https:\/\/archive.sana.sy\/es\/index.php?rest_route=\/wp\/v2\/users\/31"}],"replies":[{"embeddable":true,"href":"https:\/\/archive.sana.sy\/es\/index.php?rest_route=%2Fwp%2Fv2%2Fcomments&post=289125"}],"version-history":[{"count":0,"href":"https:\/\/archive.sana.sy\/es\/index.php?rest_route=\/wp\/v2\/posts\/289125\/revisions"}],"wp:featuredmedia":[{"embeddable":true,"href":"https:\/\/archive.sana.sy\/es\/index.php?rest_route=\/wp\/v2\/media\/289129"}],"wp:attachment":[{"href":"https:\/\/archive.sana.sy\/es\/index.php?rest_route=%2Fwp%2Fv2%2Fmedia&parent=289125"}],"wp:term":[{"taxonomy":"category","embeddable":true,"href":"https:\/\/archive.sana.sy\/es\/index.php?rest_route=%2Fwp%2Fv2%2Fcategories&post=289125"},{"taxonomy":"post_tag","embeddable":true,"href":"https:\/\/archive.sana.sy\/es\/index.php?rest_route=%2Fwp%2Fv2%2Ftags&post=289125"}],"curies":[{"name":"wp","href":"https:\/\/api.w.org\/{rel}","templated":true}]}}