{"id":289133,"date":"2023-02-27T05:42:36","date_gmt":"2023-02-27T02:42:36","guid":{"rendered":"https:\/\/sana.sy\/es\/?p=289133"},"modified":"2023-02-27T05:42:36","modified_gmt":"2023-02-27T02:42:36","slug":"eeuu-priva-a-alemania-de-su-autonomia-estrategica-y-de-su-estatus-de-potencia-industrial","status":"publish","type":"post","link":"https:\/\/archive.sana.sy\/es\/?p=289133","title":{"rendered":"EEUU priva a Alemania de su autonom\u00eda estrat\u00e9gica y de su estatus de potencia industrial"},"content":{"rendered":"<blockquote><p><strong><span style=\"color: #993300;\">Mientras los dirigentes alemanes enviaban emisarios a otros pa\u00edses asi\u00e1ticos en busca de las muy necesitadas oportunidades de negocio, EEUU no se lo puso f\u00e1cil a su aliado al venderle su GNL por todo lo alto. Berl\u00edn y Par\u00eds pidieron repetidamente a Biden que reduzca los precios del gas natural para los pa\u00edses europeos, a los que Washington lo vend\u00eda varias veces m\u00e1s caro que en su mercado interior. Sin embargo, el presidente estadounidense no hizo caso a sus s\u00faplicas, subrayando que no puede dictar las condiciones del mercado a las empresas estadounidenses.<\/span><\/strong><\/p>\n<p><strong><span style=\"color: #993300;\">&#8220;Sin el gas ruso por gasoducto, se prev\u00e9 que la demanda europea de GNL aumente un 150% entre 2021 y 2040, ya que la demanda global de gas natural disminuye m\u00e1s lentamente que la producci\u00f3n nacional y las importaciones no rusas por gasoducto. Se prev\u00e9 que el GNL satisfaga aproximadamente el 50% de la demanda de gas natural de Europa hasta 2030. (&#8230;) Aunque el GNL estadounidense ya est\u00e1 fluyendo a Europa a niveles r\u00e9cord, se necesitar\u00e1 mucho m\u00e1s para reequilibrar completamente los mercados europeos de gas&#8221;, indica un informe del Instituto Americano del Petr\u00f3leo.<\/span><\/strong><\/p>\n<p>Damasco, 27 feb (SANA) Las relaciones entre Estados Unidos y Alemania podr\u00edan encontrarse en una encrucijada. Seg\u00fan algunos observadores, el pa\u00eds de Europa Occidental se enfrenta a una recesi\u00f3n t\u00e9cnica y es probable que siga afectado por las crisis del a\u00f1o pasado.<\/p><\/blockquote>\n<p>Se espera que el canciller alem\u00e1n, Olaf Scholz, visite la Casa Blanca el 3 de marzo de 2023. Con el presidente estadounidense, Joe Biden, tienen previsto discutir su apoyo a Ucrania, las sanciones antirrusas y las formas de reforzar la seguridad transatl\u00e1ntica, seg\u00fan el comunicado de prensa de la Casa Blanca.<\/p>\n<p>Sin embargo, las sanciones que EEUU oblig\u00f3 a sus aliados de la OTAN a imponer a Rusia, afectaron la econom\u00eda alemana dr\u00e1sticamente.<\/p>\n<p><strong>\u00a1No comprar\u00e1s el gas ruso!<\/strong><\/p>\n<p>Alemania, que desde los a\u00f1os setenta compraba a Mosc\u00fa gas barato por gasoducto, redujo considerablemente sus compras de este combustible a Rusia en 2022. Tanto las peque\u00f1as y medianas empresas de Alemania \u2014que no tienen capacidad para responder a un aumento repentino de los costes de producci\u00f3n\u2014 como las grandes industrias se enfrentaron a graves problemas.<\/p>\n<p>Por ejemplo, el gigante qu\u00edmico alem\u00e1n BASF anunci\u00f3 el 24 de febrero que suprimir\u00e1 3.300 puestos de trabajo, detendr\u00e1 la recompra de acciones y aumentar\u00e1 la inversi\u00f3n para mejorar la competitividad, ya que prev\u00e9 un nuevo descenso de los beneficios debido al aumento de los costes. Esta escalada se debi\u00f3 a los altos precios europeos del gas natural, que empezaron a subir antes de la operaci\u00f3n militar especial rusa y se amplificaron despu\u00e9s con las sanciones antirrusas de la UE, que casi inmediatamente rebotaron contra el bloque. El director ejecutivo de BASF resalt\u00f3 que el gas ruso es &#8220;la base de la competitividad de nuestra industria&#8221;.<\/p>\n<p>La destrucci\u00f3n de los gasoductos Nord Stream el 26 de septiembre de 2022 agrav\u00f3 a\u00fan m\u00e1s el problema, obligando a Berl\u00edn a recurrir en gran medida al costoso gas natural licuado (GNL) procedente de EEUU. A pesar de que los precios se han estabilizado desde agosto de 2022, hasta la fecha, los costes energ\u00e9ticos siguen estando muy por encima de las medias hist\u00f3ricas, admiti\u00f3 la prensa occidental.<\/p>\n<p><strong>\u00a1No cooperar\u00e1s con China!<\/strong><\/p>\n<p>En octubre de 2022, BASF anunci\u00f3 que reducir\u00e1 &#8220;permanentemente&#8221; sus operaciones en Europa y las trasladar\u00e1 a China. Un 9% de las peque\u00f1as y medianas empresas industriales alemanas se\u00f1alaron entonces que tambi\u00e9n trasladar\u00e1n su producci\u00f3n al extranjero, seg\u00fan la encuesta de la Fundaci\u00f3n para las Empresas Familiares en Alemania y Europa.<br \/>\nNotablemente, en noviembre de 2022, Scholz viaj\u00f3 a Pek\u00edn, acompa\u00f1ado por una delegaci\u00f3n empresarial de directores generales alemanes, para reunirse con el presidente chino, Xi Jinping. Fue el primer dirigente europeo en hacerlo en tres a\u00f1os.<\/p>\n<p>Seg\u00fan The Diplomat, antes de su viaje aprob\u00f3 la compra de una participaci\u00f3n en el puerto de Hamburgo por parte de China Ocean Shipping Company (COSCO). Scholz fue duramente criticado por los medios estadounidenses y de Europa Occidental por su &#8216;ofensiva de encanto&#8217; en Pek\u00edn. Sus hom\u00f3logos occidentales advirtieron a Berl\u00edn del peligro de depender cada vez m\u00e1s de Rusia o China. Adem\u00e1s, los miembros de la coalici\u00f3n de Scholz presentaron su estrategia de pol\u00edtica exterior y comercial con China, que preve\u00eda eliminar los incentivos a las empresas alemanas que hicieran negocios con China y buscar lazos m\u00e1s estrechos con la isla de Taiw\u00e1n.<\/p>\n<p><strong>EEUU le tuerce la mano a Alemania<\/strong><\/p>\n<p>Mientras los dirigentes alemanes enviaban emisarios a otros pa\u00edses asi\u00e1ticos en busca de las muy necesitadas oportunidades de negocio, EEUU no se lo puso f\u00e1cil a su aliado al venderle su GNL por todo lo alto. Berl\u00edn y Par\u00eds pidieron repetidamente a Biden que reduzca los precios del gas natural para los pa\u00edses europeos, a los que Washington lo vend\u00eda varias veces m\u00e1s caro que en su mercado interior. Sin embargo, el presidente estadounidense no hizo caso a sus s\u00faplicas, subrayando que no puede dictar las condiciones del mercado a las empresas estadounidenses.<\/p>\n<p>&#8220;Sin el gas ruso por gasoducto, se prev\u00e9 que la demanda europea de GNL aumente un 150% entre 2021 y 2040, ya que la demanda global de gas natural disminuye m\u00e1s lentamente que la producci\u00f3n nacional y las importaciones no rusas por gasoducto. Se prev\u00e9 que el GNL satisfaga aproximadamente el 50% de la demanda de gas natural de Europa hasta 2030. (&#8230;) Aunque el GNL estadounidense ya est\u00e1 fluyendo a Europa a niveles r\u00e9cord, se necesitar\u00e1 mucho m\u00e1s para reequilibrar completamente los mercados europeos de gas&#8221;, indica un informe del Instituto Americano del Petr\u00f3leo.<\/p>\n<p>Al mismo tiempo, Biden promulg\u00f3 la ley de Reducci\u00f3n de la Inflaci\u00f3n en agosto de 2022. La ley ofrece cr\u00e9ditos fiscales para los coches el\u00e9ctricos fabricados en Norteam\u00e9rica y da prioridad a las cadenas de suministro de bater\u00edas estadounidenses. Adem\u00e1s, la pol\u00edtica promete grandes subvenciones, incentivando a los productores europeos a trasladar sus empresas a EEUU.<\/p>\n<p>Los Estados miembros de la UE se quejaban repetidamente de que la ley podr\u00eda crear nuevas barreras comerciales para los fabricantes europeos de veh\u00edculos el\u00e9ctricos y una ventaja &#8220;injusta&#8221; para los productores norteamericanos. Seg\u00fan los observadores econ\u00f3micos, la industria automovil\u00edstica alemana es especialmente vulnerable a la legislaci\u00f3n, lo que podr\u00eda llevar a la potencia industrial europea a enfrentarse a una p\u00e9rdida de competitividad y a la desindustrializaci\u00f3n.<\/p>\n<p>Mientras tanto, Alemania entr\u00f3 en recesi\u00f3n t\u00e9cnica este invierno boreal, indica el an\u00e1lisis del Grupo ING. Seg\u00fan la firma financiera holandesa, &#8220;hay muy pocas se\u00f1ales que apunten a una recuperaci\u00f3n saludable de la econom\u00eda alemana en un futuro cercano&#8221;. Alemania se enfrenta a una serie de retos estructurales y sigue sin estar claro si Berl\u00edn lograr\u00e1 asegurarse suficiente gas natural para la temporada del pr\u00f3ximo invierno boreal.<\/p>\n<p>Para colmo, EEUU est\u00e1 presionando a Alemania para que gaste m\u00e1s en la guerra indirecta de la OTAN en Ucrania contra Rusia. Por su parte, la prensa europea informa de que las FFAA alemanas se enfrentan a escasez financiera y necesitan urgentemente reformas y modernizaci\u00f3n que llevan mucho tiempo pendientes.<\/p>\n<p><strong>Investigaci\u00f3n del sabotaje del Nord Stream<\/strong><\/p>\n<p>El art\u00edculo del periodista estadounidense Seymour Hersh sobre el Nord Stream ech\u00f3 a\u00fan m\u00e1s sal en las heridas de Alemania. En la investigaci\u00f3n, el ganador de Premio Pulitzer alega que buzos estadounidenses colocaron explosivos bajo los gasoductos Nord Stream y Nord Stream 2 durante el ejercicio Baltops-2022 y que los noruegos los detonaron tres meses despu\u00e9s. Aunque el Gobierno alem\u00e1n sigue sin pronunciarse sobre los resultados de la investigaci\u00f3n del sabotaje del 26 de septiembre, los legisladores alemanes no se cruzan de brazos.<\/p>\n<p>Seg\u00fan los medios conservadores europeos, a ra\u00edz de la revelaci\u00f3n de Hersh, legisladores de Die Linke (el Partido de Izquierda), y de Alternativa por Alemania \u2014AfD, por sus siglas en alem\u00e1n\u2014, de derecha, pidieron la creaci\u00f3n de comisiones de investigaci\u00f3n en relaci\u00f3n con el ataque a las infraestructuras cr\u00edticas de gas alemanas.<\/p>\n<p>A principios de febrero, el copresidente de AfD, Tino Chrupalla, pronunci\u00f3 un discurso en el Bundestag en el que ped\u00eda a la coalici\u00f3n de Gobierno que arrojara luz sobre el ataque. Seg\u00fan \u00e9l, la cuesti\u00f3n central del debate es si los aliados de Alemania en la OTAN atacaron las infraestructuras cr\u00edticas del pa\u00eds. De ser as\u00ed, &#8220;habr\u00eda que preguntarse si la alianza garantiza la seguridad en Europa o m\u00e1s bien la pone en peligro&#8221;, enfatiz\u00f3, y a\u00f1adi\u00f3 que &#8220;la consecuencia ser\u00eda la retirada de todas las tropas estadounidenses&#8221;.<br \/>\n&#8220;Las sospechas del ganador del Premio Pulitzer deben ser absolutamente investigadas&#8221;, insisti\u00f3 Chrupalla.<\/p>\n<p>Die Linke expres\u00f3 su solidaridad con AfD en este asunto. Por ejemplo, Sahra Wagenknecht, de ese partido, cuestion\u00f3 el silencio de las autoridades del pa\u00eds en relaci\u00f3n con el sabotaje y el papel de EEUU y Noruega en el mismo, y plante\u00f3 la pregunta de a qu\u00e9 intereses representa el Gobierno alem\u00e1n.<\/p>\n<p>Al comentar el desarrollo del debate sobre la exposici\u00f3n de Hersh, algunos observadores conservadores estadounidenses sugirieron que si el periodista tiene raz\u00f3n, eso significar\u00eda que Washington nunca confi\u00f3 realmente en su aliado de Europa Occidental. Adem\u00e1s, significar\u00eda que EEUU lleva mucho tiempo intentando socavar la capacidad de maniobra de Alemania entre Occidente y Oriente, se\u00f1alaron, refiri\u00e9ndose al concepto de Ostpolitik del canciller alem\u00e1n Willy Brandt.<\/p>\n<p>Tras la Segunda Guerra Mundial, Alemania Occidental y la URSS lograron arreglar sus diferencias y cerrar su primer acuerdo sobre gasoductos en la d\u00e9cada de 1970. Tras el colapso de la Uni\u00f3n Sovi\u00e9tica, la colaboraci\u00f3n ruso-alemana se profundiz\u00f3. Del mismo modo, Berl\u00edn desarroll\u00f3 relaciones de trabajo con China a lo largo de los a\u00f1os. Sin embargo, parece que Washington intenta limitar el margen de maniobra de Berl\u00edn y despojarla de su autonom\u00eda estrat\u00e9gica.<\/p>\n<p>Mientras tanto, la popularidad de AfD en Alemania est\u00e1 creciendo: seg\u00fan la encuesta de febrero de la firma brit\u00e1nica de an\u00e1lisis de datos YouGov, el partido conservador alem\u00e1n alcanz\u00f3 el 17% en una encuesta por primera vez en a\u00f1os. La AfD ocupa el tercer lugar en popularidad, por detr\u00e1s de los CDU\/CSU (27%) y el SPD del canciller Scholz (19%). El tiempo dir\u00e1 si los responsables pol\u00edticos de Washington coaccionar\u00e1n completamente a los alemanes para que se sometan o si la naci\u00f3n de Europa Occidental abrazar\u00e1 finalmente la multipolaridad y una aut\u00e9ntica autonom\u00eda estrat\u00e9gica.<\/p>\n<p><strong>Fuente: Sputnik<\/strong><\/p>\n","protected":false},"excerpt":{"rendered":"<p>Mientras los dirigentes alemanes enviaban emisarios a otros pa\u00edses asi\u00e1ticos en busca de las muy necesitadas oportunidades de negocio, EEUU no se lo puso f\u00e1cil a su aliado al venderle su GNL por todo lo alto. Berl\u00edn y Par\u00eds pidieron repetidamente a Biden que reduzca los precios del gas natural para los pa\u00edses europeos, a &hellip;<\/p>\n","protected":false},"author":34,"featured_media":289134,"comment_status":"closed","ping_status":"closed","sticky":false,"template":"","format":"standard","meta":{"footnotes":""},"categories":[597,456,20724,7541],"tags":[],"class_list":["post-289133","post","type-post","status-publish","format-standard","has-post-thumbnail","","category-cinta-de-noticias","category-arabe-internacional-politica","category-minuto-a-minuto","category-ultimas-noticias"],"_links":{"self":[{"href":"https:\/\/archive.sana.sy\/es\/index.php?rest_route=\/wp\/v2\/posts\/289133"}],"collection":[{"href":"https:\/\/archive.sana.sy\/es\/index.php?rest_route=\/wp\/v2\/posts"}],"about":[{"href":"https:\/\/archive.sana.sy\/es\/index.php?rest_route=\/wp\/v2\/types\/post"}],"author":[{"embeddable":true,"href":"https:\/\/archive.sana.sy\/es\/index.php?rest_route=\/wp\/v2\/users\/34"}],"replies":[{"embeddable":true,"href":"https:\/\/archive.sana.sy\/es\/index.php?rest_route=%2Fwp%2Fv2%2Fcomments&post=289133"}],"version-history":[{"count":0,"href":"https:\/\/archive.sana.sy\/es\/index.php?rest_route=\/wp\/v2\/posts\/289133\/revisions"}],"wp:featuredmedia":[{"embeddable":true,"href":"https:\/\/archive.sana.sy\/es\/index.php?rest_route=\/wp\/v2\/media\/289134"}],"wp:attachment":[{"href":"https:\/\/archive.sana.sy\/es\/index.php?rest_route=%2Fwp%2Fv2%2Fmedia&parent=289133"}],"wp:term":[{"taxonomy":"category","embeddable":true,"href":"https:\/\/archive.sana.sy\/es\/index.php?rest_route=%2Fwp%2Fv2%2Fcategories&post=289133"},{"taxonomy":"post_tag","embeddable":true,"href":"https:\/\/archive.sana.sy\/es\/index.php?rest_route=%2Fwp%2Fv2%2Ftags&post=289133"}],"curies":[{"name":"wp","href":"https:\/\/api.w.org\/{rel}","templated":true}]}}