{"id":289136,"date":"2023-02-27T05:54:55","date_gmt":"2023-02-27T02:54:55","guid":{"rendered":"https:\/\/sana.sy\/es\/?p=289136"},"modified":"2023-02-27T05:54:55","modified_gmt":"2023-02-27T02:54:55","slug":"masiva-manifestacion-en-alemania-pide-el-cierre-de-una-base-estadounidense","status":"publish","type":"post","link":"https:\/\/archive.sana.sy\/es\/?p=289136","title":{"rendered":"Masiva manifestaci\u00f3n en Alemania pide el cierre de una base estadounidense"},"content":{"rendered":"<blockquote>\n<p style=\"text-align: justify;\"><span style=\"color: #993300;\">Las protestas fueron organizadas por docenas de movimientos pacifistas activos en Alemania, Austria y Suiza cerca de la referida base, durante las cuales los manifestantes corearon consignas, entre ellas: Cierren la base\u2026 v\u00e1yanse a su pa\u00eds\u201d.<\/span><\/p>\n<\/blockquote>\n<p style=\"text-align: justify;\"><span style=\"color: #800000;\"><strong>Berl\u00edn, 28 feb (SANA)\u00a0<\/strong><\/span> Miles de alemanes en el estado de Renania-Palatinado protestaron contra el continuo apoyo militar alem\u00e1n y occidental al r\u00e9gimen de Kiev, y exigieron el cierre de la base militar estadounidense, Rammstein.<\/p>\n<p style=\"text-align: justify;\">Las protestas fueron organizadas por docenas de movimientos pacifistas activos en Alemania, Austria y Suiza cerca de la referida base, durante las cuales los manifestantes corearon consignas, entre ellas: Cierren la base\u2026 v\u00e1yanse a su pa\u00eds\u201d.<\/p>\n<p style=\"text-align: justify;\">Los manifestantes tambi\u00e9n exigieron la aceleraci\u00f3n de las conversaciones de paz sobre el conflicto en Ucrania, mientras algunos participantes izaron banderas de la Federaci\u00f3n Rusa y Donetsk.<\/p>\n<p style=\"text-align: justify;\">La base a\u00e9rea de Ramstein es el cuartel general de la Fuerza A\u00e9rea de EE.UU. en el norte de Alemania, la sede de la Fuerza A\u00e9rea de EE. UU. en Europa y una base de la OTAN.<\/p>\n<p style=\"text-align: justify;\">fm<\/p>\n<p style=\"text-align: justify;\">\n","protected":false},"excerpt":{"rendered":"<p>Las protestas fueron organizadas por docenas de movimientos pacifistas activos en Alemania, Austria y Suiza cerca de la referida base, durante las cuales los manifestantes corearon consignas, entre ellas: Cierren la base\u2026 v\u00e1yanse a su pa\u00eds\u201d. Berl\u00edn, 28 feb (SANA)\u00a0 Miles de alemanes en el estado de Renania-Palatinado protestaron contra el continuo apoyo militar alem\u00e1n &hellip;<\/p>\n","protected":false},"author":34,"featured_media":289137,"comment_status":"closed","ping_status":"closed","sticky":false,"template":"","format":"standard","meta":{"footnotes":""},"categories":[597,456,20724,7541],"tags":[],"class_list":["post-289136","post","type-post","status-publish","format-standard","has-post-thumbnail","","category-cinta-de-noticias","category-arabe-internacional-politica","category-minuto-a-minuto","category-ultimas-noticias"],"_links":{"self":[{"href":"https:\/\/archive.sana.sy\/es\/index.php?rest_route=\/wp\/v2\/posts\/289136"}],"collection":[{"href":"https:\/\/archive.sana.sy\/es\/index.php?rest_route=\/wp\/v2\/posts"}],"about":[{"href":"https:\/\/archive.sana.sy\/es\/index.php?rest_route=\/wp\/v2\/types\/post"}],"author":[{"embeddable":true,"href":"https:\/\/archive.sana.sy\/es\/index.php?rest_route=\/wp\/v2\/users\/34"}],"replies":[{"embeddable":true,"href":"https:\/\/archive.sana.sy\/es\/index.php?rest_route=%2Fwp%2Fv2%2Fcomments&post=289136"}],"version-history":[{"count":0,"href":"https:\/\/archive.sana.sy\/es\/index.php?rest_route=\/wp\/v2\/posts\/289136\/revisions"}],"wp:featuredmedia":[{"embeddable":true,"href":"https:\/\/archive.sana.sy\/es\/index.php?rest_route=\/wp\/v2\/media\/289137"}],"wp:attachment":[{"href":"https:\/\/archive.sana.sy\/es\/index.php?rest_route=%2Fwp%2Fv2%2Fmedia&parent=289136"}],"wp:term":[{"taxonomy":"category","embeddable":true,"href":"https:\/\/archive.sana.sy\/es\/index.php?rest_route=%2Fwp%2Fv2%2Fcategories&post=289136"},{"taxonomy":"post_tag","embeddable":true,"href":"https:\/\/archive.sana.sy\/es\/index.php?rest_route=%2Fwp%2Fv2%2Ftags&post=289136"}],"curies":[{"name":"wp","href":"https:\/\/api.w.org\/{rel}","templated":true}]}}