{"id":289139,"date":"2023-02-27T06:03:56","date_gmt":"2023-02-27T03:03:56","guid":{"rendered":"https:\/\/sana.sy\/es\/?p=289139"},"modified":"2023-02-27T06:03:56","modified_gmt":"2023-02-27T03:03:56","slug":"franceses-salen-a-las-calles-para-pedir-retirada-de-su-pais-de-la-otan","status":"publish","type":"post","link":"https:\/\/archive.sana.sy\/es\/?p=289139","title":{"rendered":"Franceses salen a las calles para pedir retirada de su pa\u00eds de la OTAN"},"content":{"rendered":"<blockquote>\n<p style=\"text-align: justify;\"><span style=\"color: #993300;\"><strong>Los manifestantes levantaron pancartas que dec\u00edan &#8220;Por la paz&#8230; No a una tercera guerra mundial&#8230; Dejemos la OTAN&#8230; Francia es el primer pa\u00eds que proporcion\u00f3 a Ucrania armas ofensivas&#8221;.<\/strong><\/span><\/p>\n<\/blockquote>\n<p style=\"text-align: justify;\"><span style=\"color: #800000;\"><strong>Paris, 27 feb (SANA)\u00a0\u00a0<\/strong><\/span> Miles de personas protestaron hoy en la capital francesa, Par\u00eds, contra el continuo apoyo militar occidental al r\u00e9gimen de Kiev.<\/p>\n<p style=\"text-align: justify;\">Los manifestantes exigieron la retirada de Francia de la OTAN y dejar de armar a Ucrania, y levantaron pancartas que dec\u00edan &#8220;Por la paz&#8230; No a una tercera guerra mundial&#8230; Dejemos la OTAN&#8230; Francia es el primer pa\u00eds que proporcion\u00f3 a Ucrania armas ofensivas&#8221;.<\/p>\n<p style=\"text-align: justify;\">Asimismo, corearon consignas, entre ellas: Date prisa&#8230; deja la OTAN, y rompieron las banderas de la Uni\u00f3n Europea y la OTAN.<\/p>\n<p style=\"text-align: justify;\">Seg\u00fan el l\u00edder del Partido de los Patriotas Franceses, Florian Philippot, se realizaron manifestaciones en 29 ciudades francesas.<\/p>\n<p style=\"text-align: justify;\">fm<\/p>\n","protected":false},"excerpt":{"rendered":"<p>Los manifestantes levantaron pancartas que dec\u00edan &#8220;Por la paz&#8230; No a una tercera guerra mundial&#8230; Dejemos la OTAN&#8230; Francia es el primer pa\u00eds que proporcion\u00f3 a Ucrania armas ofensivas&#8221;. Paris, 27 feb (SANA)\u00a0\u00a0 Miles de personas protestaron hoy en la capital francesa, Par\u00eds, contra el continuo apoyo militar occidental al r\u00e9gimen de Kiev. Los manifestantes &hellip;<\/p>\n","protected":false},"author":34,"featured_media":289140,"comment_status":"closed","ping_status":"closed","sticky":false,"template":"","format":"standard","meta":{"footnotes":""},"categories":[597,456,20724,7541],"tags":[],"class_list":["post-289139","post","type-post","status-publish","format-standard","has-post-thumbnail","","category-cinta-de-noticias","category-arabe-internacional-politica","category-minuto-a-minuto","category-ultimas-noticias"],"_links":{"self":[{"href":"https:\/\/archive.sana.sy\/es\/index.php?rest_route=\/wp\/v2\/posts\/289139"}],"collection":[{"href":"https:\/\/archive.sana.sy\/es\/index.php?rest_route=\/wp\/v2\/posts"}],"about":[{"href":"https:\/\/archive.sana.sy\/es\/index.php?rest_route=\/wp\/v2\/types\/post"}],"author":[{"embeddable":true,"href":"https:\/\/archive.sana.sy\/es\/index.php?rest_route=\/wp\/v2\/users\/34"}],"replies":[{"embeddable":true,"href":"https:\/\/archive.sana.sy\/es\/index.php?rest_route=%2Fwp%2Fv2%2Fcomments&post=289139"}],"version-history":[{"count":0,"href":"https:\/\/archive.sana.sy\/es\/index.php?rest_route=\/wp\/v2\/posts\/289139\/revisions"}],"wp:featuredmedia":[{"embeddable":true,"href":"https:\/\/archive.sana.sy\/es\/index.php?rest_route=\/wp\/v2\/media\/289140"}],"wp:attachment":[{"href":"https:\/\/archive.sana.sy\/es\/index.php?rest_route=%2Fwp%2Fv2%2Fmedia&parent=289139"}],"wp:term":[{"taxonomy":"category","embeddable":true,"href":"https:\/\/archive.sana.sy\/es\/index.php?rest_route=%2Fwp%2Fv2%2Fcategories&post=289139"},{"taxonomy":"post_tag","embeddable":true,"href":"https:\/\/archive.sana.sy\/es\/index.php?rest_route=%2Fwp%2Fv2%2Ftags&post=289139"}],"curies":[{"name":"wp","href":"https:\/\/api.w.org\/{rel}","templated":true}]}}