{"id":289150,"date":"2023-02-27T11:02:36","date_gmt":"2023-02-27T08:02:36","guid":{"rendered":"https:\/\/sana.sy\/es\/?p=289150"},"modified":"2023-02-27T11:02:36","modified_gmt":"2023-02-27T08:02:36","slug":"protestan-en-el-sur-de-siria-contra-sanciones-criminales-de-eeuu","status":"publish","type":"post","link":"https:\/\/archive.sana.sy\/es\/?p=289150","title":{"rendered":"Protestan en el sur de Siria contra sanciones criminales de EEUU"},"content":{"rendered":"<p style=\"text-align: justify;\"><strong><span style=\"color: #800000;\">Deraa, 27 feb (SANA)<\/span>\u00a0 <\/strong>Los habitantes de la provincia sure\u00f1a de Deraa realizaron una manifestaci\u00f3n contra las medidas coercitivas unilaterales impuestas al pueblo sirio.<\/p>\n<p style=\"text-align: justify;\">Los participantes en la protesta exigieron levantar las sanciones injustas impuestas contra su pa\u00eds para facilitar el suministro de ayuda humanitaria a las v\u00edctimas del devastador terremoto.<\/p>\n<p style=\"text-align: justify;\">Asimismo, portaron carteles con frases que condenan el bloqueo en estos tiempos dif\u00edciles que atraviesa el pa\u00eds \u00e1rabe.<\/p>\n<p style=\"text-align: justify;\">ws\/fm<\/p>\n","protected":false},"excerpt":{"rendered":"<p>Deraa, 27 feb (SANA)\u00a0 Los habitantes de la provincia sure\u00f1a de Deraa realizaron una manifestaci\u00f3n contra las medidas coercitivas unilaterales impuestas al pueblo sirio. Los participantes en la protesta exigieron levantar las sanciones injustas impuestas contra su pa\u00eds para facilitar el suministro de ayuda humanitaria a las v\u00edctimas del devastador terremoto. Asimismo, portaron carteles con &hellip;<\/p>\n","protected":false},"author":35,"featured_media":289151,"comment_status":"closed","ping_status":"closed","sticky":false,"template":"","format":"standard","meta":{"footnotes":""},"categories":[597,20724,476,7541],"tags":[],"class_list":["post-289150","post","type-post","status-publish","format-standard","has-post-thumbnail","","category-cinta-de-noticias","category-minuto-a-minuto","category-locales","category-ultimas-noticias"],"_links":{"self":[{"href":"https:\/\/archive.sana.sy\/es\/index.php?rest_route=\/wp\/v2\/posts\/289150"}],"collection":[{"href":"https:\/\/archive.sana.sy\/es\/index.php?rest_route=\/wp\/v2\/posts"}],"about":[{"href":"https:\/\/archive.sana.sy\/es\/index.php?rest_route=\/wp\/v2\/types\/post"}],"author":[{"embeddable":true,"href":"https:\/\/archive.sana.sy\/es\/index.php?rest_route=\/wp\/v2\/users\/35"}],"replies":[{"embeddable":true,"href":"https:\/\/archive.sana.sy\/es\/index.php?rest_route=%2Fwp%2Fv2%2Fcomments&post=289150"}],"version-history":[{"count":0,"href":"https:\/\/archive.sana.sy\/es\/index.php?rest_route=\/wp\/v2\/posts\/289150\/revisions"}],"wp:featuredmedia":[{"embeddable":true,"href":"https:\/\/archive.sana.sy\/es\/index.php?rest_route=\/wp\/v2\/media\/289151"}],"wp:attachment":[{"href":"https:\/\/archive.sana.sy\/es\/index.php?rest_route=%2Fwp%2Fv2%2Fmedia&parent=289150"}],"wp:term":[{"taxonomy":"category","embeddable":true,"href":"https:\/\/archive.sana.sy\/es\/index.php?rest_route=%2Fwp%2Fv2%2Fcategories&post=289150"},{"taxonomy":"post_tag","embeddable":true,"href":"https:\/\/archive.sana.sy\/es\/index.php?rest_route=%2Fwp%2Fv2%2Ftags&post=289150"}],"curies":[{"name":"wp","href":"https:\/\/api.w.org\/{rel}","templated":true}]}}