{"id":289161,"date":"2023-02-27T13:46:30","date_gmt":"2023-02-27T10:46:30","guid":{"rendered":"https:\/\/sana.sy\/es\/?p=289161"},"modified":"2023-02-27T13:46:30","modified_gmt":"2023-02-27T10:46:30","slug":"fuerzas-de-ocupacion-israelies-asedian-varias-localidades-en-naplusa","status":"publish","type":"post","link":"https:\/\/archive.sana.sy\/es\/?p=289161","title":{"rendered":"\u00a0Fuerzas de ocupaci\u00f3n israel\u00edes asedian varias localidades en Naplusa"},"content":{"rendered":"<p style=\"text-align: justify;\"><span style=\"color: #800000;\"><strong>Jerusal\u00e9n ocupada, 27 feb\u00a0 ( SANA)\u00a0<\/strong><\/span> \u00a0Las fuerzas de ocupaci\u00f3n israel\u00edes rodearon varias localidades en el \u00e1rea de Naplusa, en Cisjordania.<\/p>\n<p style=\"text-align: justify;\">La agencia de noticias Wafa afirm\u00f3 que las fuerzas de ocupaci\u00f3n siguen cerrando las entradas y salidas de las localidades de Hawara, Awarta, Zaatara, Al-Murabba y Beita, al sur de Naplusa.<\/p>\n<p style=\"text-align: justify;\">Asimismo, impusieron restricciones al movimiento de palestinos a la entrada de la ciudad de Surra en el suroeste, e intensificaron sus puestos de control en las entradas.<\/p>\n<p style=\"text-align: justify;\">\u00a0En la v\u00edspera, los colonos perpetraron alrededor de 300 ataques contra palestinos en las ciudades de Hawara, Burin y Asira al-Qibliya, al sur de Naplusa, lo que provoc\u00f3 la muerte de un palestino, heridas a 392 mientras decenas de casas y veh\u00edculos fueron quemados.<\/p>\n<p style=\"text-align: justify;\">ed\/fm<\/p>\n","protected":false},"excerpt":{"rendered":"<p>Jerusal\u00e9n ocupada, 27 feb\u00a0 ( SANA)\u00a0 \u00a0Las fuerzas de ocupaci\u00f3n israel\u00edes rodearon varias localidades en el \u00e1rea de Naplusa, en Cisjordania. La agencia de noticias Wafa afirm\u00f3 que las fuerzas de ocupaci\u00f3n siguen cerrando las entradas y salidas de las localidades de Hawara, Awarta, Zaatara, Al-Murabba y Beita, al sur de Naplusa. Asimismo, impusieron restricciones &hellip;<\/p>\n","protected":false},"author":32,"featured_media":289162,"comment_status":"closed","ping_status":"closed","sticky":false,"template":"","format":"standard","meta":{"footnotes":""},"categories":[597,456,16687,7541],"tags":[],"class_list":["post-289161","post","type-post","status-publish","format-standard","has-post-thumbnail","","category-cinta-de-noticias","category-arabe-internacional-politica","category-internacionales","category-ultimas-noticias"],"_links":{"self":[{"href":"https:\/\/archive.sana.sy\/es\/index.php?rest_route=\/wp\/v2\/posts\/289161"}],"collection":[{"href":"https:\/\/archive.sana.sy\/es\/index.php?rest_route=\/wp\/v2\/posts"}],"about":[{"href":"https:\/\/archive.sana.sy\/es\/index.php?rest_route=\/wp\/v2\/types\/post"}],"author":[{"embeddable":true,"href":"https:\/\/archive.sana.sy\/es\/index.php?rest_route=\/wp\/v2\/users\/32"}],"replies":[{"embeddable":true,"href":"https:\/\/archive.sana.sy\/es\/index.php?rest_route=%2Fwp%2Fv2%2Fcomments&post=289161"}],"version-history":[{"count":0,"href":"https:\/\/archive.sana.sy\/es\/index.php?rest_route=\/wp\/v2\/posts\/289161\/revisions"}],"wp:featuredmedia":[{"embeddable":true,"href":"https:\/\/archive.sana.sy\/es\/index.php?rest_route=\/wp\/v2\/media\/289162"}],"wp:attachment":[{"href":"https:\/\/archive.sana.sy\/es\/index.php?rest_route=%2Fwp%2Fv2%2Fmedia&parent=289161"}],"wp:term":[{"taxonomy":"category","embeddable":true,"href":"https:\/\/archive.sana.sy\/es\/index.php?rest_route=%2Fwp%2Fv2%2Fcategories&post=289161"},{"taxonomy":"post_tag","embeddable":true,"href":"https:\/\/archive.sana.sy\/es\/index.php?rest_route=%2Fwp%2Fv2%2Ftags&post=289161"}],"curies":[{"name":"wp","href":"https:\/\/api.w.org\/{rel}","templated":true}]}}