{"id":289185,"date":"2023-02-27T15:51:50","date_gmt":"2023-02-27T12:51:50","guid":{"rendered":"https:\/\/sana.sy\/es\/?p=289185"},"modified":"2023-02-27T19:40:56","modified_gmt":"2023-02-27T16:40:56","slug":"rumania-anuncia-ayuda-adicional-para-siria-tras-el-terremoto","status":"publish","type":"post","link":"https:\/\/archive.sana.sy\/es\/?p=289185","title":{"rendered":"Ruman\u00eda anuncia ayuda adicional para Siria tras el terremoto"},"content":{"rendered":"<p style=\"text-align: justify;\"><span style=\"color: #800000;\"><strong>Bucarest, 27 feb (SANA)\u00a0<\/strong><\/span> \u00a0El Ministerio de Salud rumano anunci\u00f3 que su pa\u00eds enviar\u00e1 un nuevo cargamento de suministros m\u00e9dicos para a los damnificados por el devastador terremoto que golpe\u00f3 Siria.<\/p>\n<p style=\"text-align: justify;\">Una vez m\u00e1s quisiera expresar toda la solidaridad con las familias afectadas de esta cat\u00e1strofe, y las empresas m\u00e9dicas rumanas proporcionaron productos farmac\u00e9uticos y material sanitario, dijo Alexandru Ravella, el Ministro de Salud de Rumania.<\/p>\n<p style=\"text-align: justify;\">Se\u00f1al\u00f3 que se enviar\u00e1n 52 equipos m\u00f3viles con toda la asistencia m\u00e9dica.<\/p>\n<p style=\"text-align: justify;\"><strong>LEA TAMBI\u00c9N:<\/strong> <span style=\"color: #993300;\"><strong><a style=\"color: #993300;\" href=\"https:\/\/www.sana.sy\/es\/?p=289082\">Ayuda rusa para los afectados por el terremoto de Latakia<\/a><\/strong><\/span><\/p>\n<p style=\"text-align: justify;\">ws\/fm\/ed<\/p>\n","protected":false},"excerpt":{"rendered":"<p>Bucarest, 27 feb (SANA)\u00a0 \u00a0El Ministerio de Salud rumano anunci\u00f3 que su pa\u00eds enviar\u00e1 un nuevo cargamento de suministros m\u00e9dicos para a los damnificados por el devastador terremoto que golpe\u00f3 Siria. Una vez m\u00e1s quisiera expresar toda la solidaridad con las familias afectadas de esta cat\u00e1strofe, y las empresas m\u00e9dicas rumanas proporcionaron productos farmac\u00e9uticos y &hellip;<\/p>\n","protected":false},"author":32,"featured_media":289187,"comment_status":"closed","ping_status":"closed","sticky":false,"template":"","format":"standard","meta":{"footnotes":""},"categories":[597,456,16687,7541],"tags":[],"class_list":["post-289185","post","type-post","status-publish","format-standard","has-post-thumbnail","","category-cinta-de-noticias","category-arabe-internacional-politica","category-internacionales","category-ultimas-noticias"],"_links":{"self":[{"href":"https:\/\/archive.sana.sy\/es\/index.php?rest_route=\/wp\/v2\/posts\/289185"}],"collection":[{"href":"https:\/\/archive.sana.sy\/es\/index.php?rest_route=\/wp\/v2\/posts"}],"about":[{"href":"https:\/\/archive.sana.sy\/es\/index.php?rest_route=\/wp\/v2\/types\/post"}],"author":[{"embeddable":true,"href":"https:\/\/archive.sana.sy\/es\/index.php?rest_route=\/wp\/v2\/users\/32"}],"replies":[{"embeddable":true,"href":"https:\/\/archive.sana.sy\/es\/index.php?rest_route=%2Fwp%2Fv2%2Fcomments&post=289185"}],"version-history":[{"count":0,"href":"https:\/\/archive.sana.sy\/es\/index.php?rest_route=\/wp\/v2\/posts\/289185\/revisions"}],"wp:featuredmedia":[{"embeddable":true,"href":"https:\/\/archive.sana.sy\/es\/index.php?rest_route=\/wp\/v2\/media\/289187"}],"wp:attachment":[{"href":"https:\/\/archive.sana.sy\/es\/index.php?rest_route=%2Fwp%2Fv2%2Fmedia&parent=289185"}],"wp:term":[{"taxonomy":"category","embeddable":true,"href":"https:\/\/archive.sana.sy\/es\/index.php?rest_route=%2Fwp%2Fv2%2Fcategories&post=289185"},{"taxonomy":"post_tag","embeddable":true,"href":"https:\/\/archive.sana.sy\/es\/index.php?rest_route=%2Fwp%2Fv2%2Ftags&post=289185"}],"curies":[{"name":"wp","href":"https:\/\/api.w.org\/{rel}","templated":true}]}}