{"id":28919,"date":"2015-08-25T16:54:46","date_gmt":"2015-08-25T13:54:46","guid":{"rendered":"http:\/\/sana.sy\/es\/?p=28919"},"modified":"2015-08-26T12:23:56","modified_gmt":"2015-08-26T09:23:56","slug":"damasco-condena-recientes-declaraciones-del-presidente-frances","status":"publish","type":"post","link":"https:\/\/archive.sana.sy\/es\/?p=28919","title":{"rendered":"Damasco condena recientes declaraciones del presidente franc\u00e9s"},"content":{"rendered":"<p><span style=\"color: #800000\">Damasco, SANA<\/span><\/p>\n<p>Una fuente oficial del Ministerio de Exteriores y Emigrantes declar\u00f3 que Siria condena en\u00e9rgicamente las posiciones expresadas por el presidente franc\u00e9s, Francois Hollande, en la conferencia de embajadores franceses en Par\u00eds.<\/p>\n<p>Canciller\u00eda consider\u00f3 que dichas declaraciones sobre Siria constituyen una injerencia flagrante en los asuntos internos de Siria y conforman la continuaci\u00f3n de la implicaci\u00f3n y la participaci\u00f3n de Francia en el derramamiento de la sangre siria.<\/p>\n<p>La fuente agreg\u00f3 que las declaraciones de Hollande, el presidente de menos popularidad en la historia de Francia, se derivan de una mentalidad colonialista que confisca la decisi\u00f3n de los pueblos y controla sus opciones al servicio de intereses materiales baratos.<\/p>\n<p>\u201cEl gobierno franc\u00e9s vende sus posiciones y valores en los mercados del petr\u00f3leo, y el gobierno franc\u00e9s debe saber que siempre y cuando mantiene esas posiciones, Siria no va a aceptar ning\u00fan papel franc\u00e9s en la soluci\u00f3n pol\u00edtica\u201d, indic\u00f3 la fuente.<\/p>\n<p>La fuente explic\u00f3 que el pueblo sirio que est\u00e1 luchando el terrorismo con firmeza, est\u00e1 aferrado hoy m\u00e1s que nunca a la preservaci\u00f3n de la soberan\u00eda de Siria y su independiente, y enfrentar\u00e1 a cualquier intento de interferir en sus alternativas nacionales.<\/p>\n<p>Canciller\u00eda siria concluy\u00f3 que el presidente franc\u00e9s, que carece de legitimidad popular y que el fracaso lo persigue, debe sacar conclusiones con el fin de preservar lo que le queda de reputaci\u00f3n a Francia en el mundo.<br \/>\nFady M., Hala B.<\/p>\n","protected":false},"excerpt":{"rendered":"<p>Damasco, SANA Una fuente oficial del Ministerio de Exteriores y Emigrantes declar\u00f3 que Siria condena en\u00e9rgicamente las posiciones expresadas por el presidente franc\u00e9s, Francois Hollande, en la conferencia de embajadores franceses en Par\u00eds. Canciller\u00eda consider\u00f3 que dichas declaraciones sobre Siria constituyen una injerencia flagrante en los asuntos internos de Siria y conforman la continuaci\u00f3n de &hellip;<\/p>\n","protected":false},"author":1,"featured_media":6250,"comment_status":"closed","ping_status":"closed","sticky":false,"template":"","format":"standard","meta":{"footnotes":""},"categories":[477,597,476],"tags":[6397],"class_list":["post-28919","post","type-post","status-publish","format-standard","has-post-thumbnail","","category-noticias-edulcorantes","category-cinta-de-noticias","category-locales","tag-damasco-condena-recientes-declaraciones-del-presidente-frances"],"_links":{"self":[{"href":"https:\/\/archive.sana.sy\/es\/index.php?rest_route=\/wp\/v2\/posts\/28919"}],"collection":[{"href":"https:\/\/archive.sana.sy\/es\/index.php?rest_route=\/wp\/v2\/posts"}],"about":[{"href":"https:\/\/archive.sana.sy\/es\/index.php?rest_route=\/wp\/v2\/types\/post"}],"author":[{"embeddable":true,"href":"https:\/\/archive.sana.sy\/es\/index.php?rest_route=\/wp\/v2\/users\/1"}],"replies":[{"embeddable":true,"href":"https:\/\/archive.sana.sy\/es\/index.php?rest_route=%2Fwp%2Fv2%2Fcomments&post=28919"}],"version-history":[{"count":0,"href":"https:\/\/archive.sana.sy\/es\/index.php?rest_route=\/wp\/v2\/posts\/28919\/revisions"}],"wp:featuredmedia":[{"embeddable":true,"href":"https:\/\/archive.sana.sy\/es\/index.php?rest_route=\/wp\/v2\/media\/6250"}],"wp:attachment":[{"href":"https:\/\/archive.sana.sy\/es\/index.php?rest_route=%2Fwp%2Fv2%2Fmedia&parent=28919"}],"wp:term":[{"taxonomy":"category","embeddable":true,"href":"https:\/\/archive.sana.sy\/es\/index.php?rest_route=%2Fwp%2Fv2%2Fcategories&post=28919"},{"taxonomy":"post_tag","embeddable":true,"href":"https:\/\/archive.sana.sy\/es\/index.php?rest_route=%2Fwp%2Fv2%2Ftags&post=28919"}],"curies":[{"name":"wp","href":"https:\/\/api.w.org\/{rel}","templated":true}]}}