{"id":28927,"date":"2015-08-25T16:16:22","date_gmt":"2015-08-25T13:16:22","guid":{"rendered":"http:\/\/sana.sy\/es\/?p=28927"},"modified":"2015-08-25T16:22:45","modified_gmt":"2015-08-25T13:22:45","slug":"28927","status":"publish","type":"post","link":"https:\/\/archive.sana.sy\/es\/?p=28927","title":{"rendered":"Ministro de Defensa de Ir\u00e1n confirma el apoyo de Ir\u00e1n al eje de la resistencia"},"content":{"rendered":"<p><span style=\"color: #800000\">Teher\u00e1n, SANA<\/span><\/p>\n<p>El ministro de Defensa iran\u00ed, el general de brigada Hossein Dehghan, confirm\u00f3 el car\u00e1cter estrat\u00e9gico del apoyo de Ir\u00e1n al eje de la resistencia, haciendo hincapi\u00e9 en que la resistencia y su supervivencia es algo estrat\u00e9gico de Ir\u00e1n.<\/p>\n<p>Citado por medios de comunicaci\u00f3n iran\u00edes durante la ceremonia de inauguraci\u00f3n del proyecto de producir el misil &#8220;Naser&#8221;, Dehghan precis\u00f3 que &#8220;lo que est\u00e1 sucediendo en Irak y Siria es un plan de Estados Unidos para golpear el eje de la resistencia mediante el apoyo a grupos takfiristas creados por Estados Unidos y el Sionismo para debilitar el frente de resistencia.&#8221;<\/p>\n<p>El ministro iran\u00ed indic\u00f3 que &#8220;si cualquier gobierno leg\u00edtimo pide ayuda militar, Ir\u00e1n responder\u00e1\u201d.<\/p>\n<p>Por otro lado, una delegaci\u00f3n del Ministerio de Defensa iran\u00ed lleg\u00f3 a la capital rusa de Mosc\u00fa para estudiar la cooperaci\u00f3n bilateral en los asuntos t\u00e9cnicos y de defensa entre los dos pa\u00edses.<\/p>\n<p><span style=\"color: #00ccff\">Fady M., Hala B.<\/span><\/p>\n","protected":false},"excerpt":{"rendered":"<p>Teher\u00e1n, SANA El ministro de Defensa iran\u00ed, el general de brigada Hossein Dehghan, confirm\u00f3 el car\u00e1cter estrat\u00e9gico del apoyo de Ir\u00e1n al eje de la resistencia, haciendo hincapi\u00e9 en que la resistencia y su supervivencia es algo estrat\u00e9gico de Ir\u00e1n. Citado por medios de comunicaci\u00f3n iran\u00edes durante la ceremonia de inauguraci\u00f3n del proyecto de producir &hellip;<\/p>\n","protected":false},"author":1,"featured_media":28928,"comment_status":"closed","ping_status":"closed","sticky":false,"template":"","format":"standard","meta":{"footnotes":""},"categories":[456,457,576],"tags":[6399],"class_list":["post-28927","post","type-post","status-publish","format-standard","has-post-thumbnail","","category-arabe-internacional-politica","category-noticias-arabe-internacional-politica","category-noticias-politicas","tag-ministro-de-defensa-de-iran-confirma-el-apoyo-de-iran-al-eje-de-la-resistencia"],"_links":{"self":[{"href":"https:\/\/archive.sana.sy\/es\/index.php?rest_route=\/wp\/v2\/posts\/28927"}],"collection":[{"href":"https:\/\/archive.sana.sy\/es\/index.php?rest_route=\/wp\/v2\/posts"}],"about":[{"href":"https:\/\/archive.sana.sy\/es\/index.php?rest_route=\/wp\/v2\/types\/post"}],"author":[{"embeddable":true,"href":"https:\/\/archive.sana.sy\/es\/index.php?rest_route=\/wp\/v2\/users\/1"}],"replies":[{"embeddable":true,"href":"https:\/\/archive.sana.sy\/es\/index.php?rest_route=%2Fwp%2Fv2%2Fcomments&post=28927"}],"version-history":[{"count":0,"href":"https:\/\/archive.sana.sy\/es\/index.php?rest_route=\/wp\/v2\/posts\/28927\/revisions"}],"wp:featuredmedia":[{"embeddable":true,"href":"https:\/\/archive.sana.sy\/es\/index.php?rest_route=\/wp\/v2\/media\/28928"}],"wp:attachment":[{"href":"https:\/\/archive.sana.sy\/es\/index.php?rest_route=%2Fwp%2Fv2%2Fmedia&parent=28927"}],"wp:term":[{"taxonomy":"category","embeddable":true,"href":"https:\/\/archive.sana.sy\/es\/index.php?rest_route=%2Fwp%2Fv2%2Fcategories&post=28927"},{"taxonomy":"post_tag","embeddable":true,"href":"https:\/\/archive.sana.sy\/es\/index.php?rest_route=%2Fwp%2Fv2%2Ftags&post=28927"}],"curies":[{"name":"wp","href":"https:\/\/api.w.org\/{rel}","templated":true}]}}