{"id":289281,"date":"2023-02-27T22:08:01","date_gmt":"2023-02-27T19:08:01","guid":{"rendered":"https:\/\/sana.sy\/es\/?p=289281"},"modified":"2023-02-28T05:35:29","modified_gmt":"2023-02-28T02:35:29","slug":"siria-exporta-a-rusia-primer-lote-de-naranjas","status":"publish","type":"post","link":"https:\/\/archive.sana.sy\/es\/?p=289281","title":{"rendered":"Siria exporta a Rusia primer lote de naranjas"},"content":{"rendered":"<p style=\"text-align: justify;\"><span style=\"color: #800000;\"><strong>Damasco, 27 feb (SANA)<\/strong>\u00a0 \u00a0<\/span>El Ministerio de Comercio Interior y Protecci\u00f3n del Consumidor anunci\u00f3 que la Compa\u00f1\u00eda Estatal de Comercio export\u00f3 hoy el primer lote de naranjas a Rusia.<\/p>\n<p style=\"text-align: justify;\">El ministerio explic\u00f3 en un comunicado, que la instituci\u00f3n compr\u00f3 las naranjas a los agricultores directamente, y export\u00f3 hoy el primer lote de 250 toneladas a la Rep\u00fablica Rusa de Crimea.<\/p>\n<p style=\"text-align: justify;\">Asimismo, destac\u00f3 que hay grandes cantidades de naranjas que ser\u00e1n exportadas esta temporada.<\/p>\n<p style=\"text-align: justify;\"><strong>ah\/fm<\/strong><\/p>\n","protected":false},"excerpt":{"rendered":"<p>Damasco, 27 feb (SANA)\u00a0 \u00a0El Ministerio de Comercio Interior y Protecci\u00f3n del Consumidor anunci\u00f3 que la Compa\u00f1\u00eda Estatal de Comercio export\u00f3 hoy el primer lote de naranjas a Rusia. El ministerio explic\u00f3 en un comunicado, que la instituci\u00f3n compr\u00f3 las naranjas a los agricultores directamente, y export\u00f3 hoy el primer lote de 250 toneladas a &hellip;<\/p>\n","protected":false},"author":30,"featured_media":289282,"comment_status":"closed","ping_status":"closed","sticky":false,"template":"","format":"standard","meta":{"footnotes":""},"categories":[16686,483,485,20724],"tags":[],"class_list":["post-289281","post","type-post","status-publish","format-standard","has-post-thumbnail","","category-economia","category-negocios-y-finanzas","category-informes-negocios-y-finanzas","category-minuto-a-minuto"],"_links":{"self":[{"href":"https:\/\/archive.sana.sy\/es\/index.php?rest_route=\/wp\/v2\/posts\/289281"}],"collection":[{"href":"https:\/\/archive.sana.sy\/es\/index.php?rest_route=\/wp\/v2\/posts"}],"about":[{"href":"https:\/\/archive.sana.sy\/es\/index.php?rest_route=\/wp\/v2\/types\/post"}],"author":[{"embeddable":true,"href":"https:\/\/archive.sana.sy\/es\/index.php?rest_route=\/wp\/v2\/users\/30"}],"replies":[{"embeddable":true,"href":"https:\/\/archive.sana.sy\/es\/index.php?rest_route=%2Fwp%2Fv2%2Fcomments&post=289281"}],"version-history":[{"count":0,"href":"https:\/\/archive.sana.sy\/es\/index.php?rest_route=\/wp\/v2\/posts\/289281\/revisions"}],"wp:featuredmedia":[{"embeddable":true,"href":"https:\/\/archive.sana.sy\/es\/index.php?rest_route=\/wp\/v2\/media\/289282"}],"wp:attachment":[{"href":"https:\/\/archive.sana.sy\/es\/index.php?rest_route=%2Fwp%2Fv2%2Fmedia&parent=289281"}],"wp:term":[{"taxonomy":"category","embeddable":true,"href":"https:\/\/archive.sana.sy\/es\/index.php?rest_route=%2Fwp%2Fv2%2Fcategories&post=289281"},{"taxonomy":"post_tag","embeddable":true,"href":"https:\/\/archive.sana.sy\/es\/index.php?rest_route=%2Fwp%2Fv2%2Ftags&post=289281"}],"curies":[{"name":"wp","href":"https:\/\/api.w.org\/{rel}","templated":true}]}}