{"id":289290,"date":"2023-02-28T00:17:50","date_gmt":"2023-02-27T21:17:50","guid":{"rendered":"https:\/\/sana.sy\/es\/?p=289290"},"modified":"2023-02-28T05:30:35","modified_gmt":"2023-02-28T02:30:35","slug":"un-palestino-acaba-con-la-vida-de-un-colono-israeli-cerca-de-jerico","status":"publish","type":"post","link":"https:\/\/archive.sana.sy\/es\/?p=289290","title":{"rendered":"Un palestino acaba con la vida de un colono israel\u00ed cerca de Jeric\u00f3"},"content":{"rendered":"<p style=\"text-align: justify;\"><span style=\"color: #800000;\"><strong>Jerusal\u00e9n ocupada, 27 feb (SANA)<\/strong> <\/span>En respuesta a los cr\u00edmenes en curso del ocupante israel\u00ed, un palestino llev\u00f3 a cabo un ataque cerca de la ciudad cisjordana de Jeric\u00f3, que result\u00f3 en la muerte de un colono sionista.<\/p>\n<p style=\"text-align: justify;\">La agencia palestina de noticias MAAN inform\u00f3 que un palestino abri\u00f3 fuego contra un veh\u00edculo de colonos en la intersecci\u00f3n de Beit Araba, al sur de Jeric\u00f3, lo que caus\u00f3 la muerte de un colono antes de que el atacante pudiera retirarse.<\/p>\n<p style=\"text-align: justify;\">Al respecto, la resistencia palestina enfatiz\u00f3 que &#8220;la heroica operaci\u00f3n&#8221; es una respuesta natural a los cr\u00edmenes de la ocupaci\u00f3n contra los palestinos, e hizo hincapi\u00e9 en la necesidad de continuar la resistencia en todas sus formas contra la ocupaci\u00f3n.<\/p>\n<p style=\"text-align: justify;\">La v\u00edspera, un joven palestino llev\u00f3 a cabo un ataque similar en la ciudad de Huwwara, al sur de Naplusa, que result\u00f3 en la muerte de dos colonos sionistas.<\/p>\n<p style=\"text-align: justify;\"><em><strong>ah\/fm<\/strong><\/em><\/p>\n","protected":false},"excerpt":{"rendered":"<p>Jerusal\u00e9n ocupada, 27 feb (SANA) En respuesta a los cr\u00edmenes en curso del ocupante israel\u00ed, un palestino llev\u00f3 a cabo un ataque cerca de la ciudad cisjordana de Jeric\u00f3, que result\u00f3 en la muerte de un colono sionista. La agencia palestina de noticias MAAN inform\u00f3 que un palestino abri\u00f3 fuego contra un veh\u00edculo de colonos &hellip;<\/p>\n","protected":false},"author":30,"featured_media":289291,"comment_status":"closed","ping_status":"closed","sticky":false,"template":"","format":"standard","meta":{"footnotes":""},"categories":[456,16687,20724],"tags":[],"class_list":["post-289290","post","type-post","status-publish","format-standard","has-post-thumbnail","","category-arabe-internacional-politica","category-internacionales","category-minuto-a-minuto"],"_links":{"self":[{"href":"https:\/\/archive.sana.sy\/es\/index.php?rest_route=\/wp\/v2\/posts\/289290"}],"collection":[{"href":"https:\/\/archive.sana.sy\/es\/index.php?rest_route=\/wp\/v2\/posts"}],"about":[{"href":"https:\/\/archive.sana.sy\/es\/index.php?rest_route=\/wp\/v2\/types\/post"}],"author":[{"embeddable":true,"href":"https:\/\/archive.sana.sy\/es\/index.php?rest_route=\/wp\/v2\/users\/30"}],"replies":[{"embeddable":true,"href":"https:\/\/archive.sana.sy\/es\/index.php?rest_route=%2Fwp%2Fv2%2Fcomments&post=289290"}],"version-history":[{"count":0,"href":"https:\/\/archive.sana.sy\/es\/index.php?rest_route=\/wp\/v2\/posts\/289290\/revisions"}],"wp:featuredmedia":[{"embeddable":true,"href":"https:\/\/archive.sana.sy\/es\/index.php?rest_route=\/wp\/v2\/media\/289291"}],"wp:attachment":[{"href":"https:\/\/archive.sana.sy\/es\/index.php?rest_route=%2Fwp%2Fv2%2Fmedia&parent=289290"}],"wp:term":[{"taxonomy":"category","embeddable":true,"href":"https:\/\/archive.sana.sy\/es\/index.php?rest_route=%2Fwp%2Fv2%2Fcategories&post=289290"},{"taxonomy":"post_tag","embeddable":true,"href":"https:\/\/archive.sana.sy\/es\/index.php?rest_route=%2Fwp%2Fv2%2Ftags&post=289290"}],"curies":[{"name":"wp","href":"https:\/\/api.w.org\/{rel}","templated":true}]}}