{"id":289340,"date":"2023-02-28T12:44:05","date_gmt":"2023-02-28T09:44:05","guid":{"rendered":"https:\/\/sana.sy\/es\/?p=289340"},"modified":"2023-02-28T12:44:05","modified_gmt":"2023-02-28T09:44:05","slug":"derriban-tres-drones-ucranianos-en-belgorod-rusia","status":"publish","type":"post","link":"https:\/\/archive.sana.sy\/es\/?p=289340","title":{"rendered":"Derriban tres drones ucranianos en Belgorod, Rusia"},"content":{"rendered":"<p style=\"text-align: justify;\"><span style=\"color: #800000;\"><strong>Mosc\u00fa, 28 feb (SANA)<\/strong> <\/span>Tres aviones no tripulados ucranianas fueron derribados en la ciudad rusa de Belgorod, lo que caus\u00f3 algunas p\u00e9rdidas materiales.<\/p>\n<p style=\"text-align: justify;\">El alcalde de Belgorod, Valentin Demidov, dijo: \u201cno hubo heridos entre los ciudadanos como resultado de la ca\u00edda de estos drones\u201d.<\/p>\n<p style=\"text-align: justify;\">Demidov indic\u00f3 que equipos de emergencia y fuerzas especiales rusas est\u00e1n movilizadas tras el incidente.<\/p>\n<p style=\"text-align: justify;\">as\/fm<\/p>\n","protected":false},"excerpt":{"rendered":"<p>Mosc\u00fa, 28 feb (SANA) Tres aviones no tripulados ucranianas fueron derribados en la ciudad rusa de Belgorod, lo que caus\u00f3 algunas p\u00e9rdidas materiales. El alcalde de Belgorod, Valentin Demidov, dijo: \u201cno hubo heridos entre los ciudadanos como resultado de la ca\u00edda de estos drones\u201d. Demidov indic\u00f3 que equipos de emergencia y fuerzas especiales rusas est\u00e1n &hellip;<\/p>\n","protected":false},"author":42,"featured_media":289341,"comment_status":"closed","ping_status":"closed","sticky":false,"template":"","format":"standard","meta":{"footnotes":""},"categories":[597,456,16687,20724,7541],"tags":[],"class_list":["post-289340","post","type-post","status-publish","format-standard","has-post-thumbnail","","category-cinta-de-noticias","category-arabe-internacional-politica","category-internacionales","category-minuto-a-minuto","category-ultimas-noticias"],"_links":{"self":[{"href":"https:\/\/archive.sana.sy\/es\/index.php?rest_route=\/wp\/v2\/posts\/289340"}],"collection":[{"href":"https:\/\/archive.sana.sy\/es\/index.php?rest_route=\/wp\/v2\/posts"}],"about":[{"href":"https:\/\/archive.sana.sy\/es\/index.php?rest_route=\/wp\/v2\/types\/post"}],"author":[{"embeddable":true,"href":"https:\/\/archive.sana.sy\/es\/index.php?rest_route=\/wp\/v2\/users\/42"}],"replies":[{"embeddable":true,"href":"https:\/\/archive.sana.sy\/es\/index.php?rest_route=%2Fwp%2Fv2%2Fcomments&post=289340"}],"version-history":[{"count":0,"href":"https:\/\/archive.sana.sy\/es\/index.php?rest_route=\/wp\/v2\/posts\/289340\/revisions"}],"wp:featuredmedia":[{"embeddable":true,"href":"https:\/\/archive.sana.sy\/es\/index.php?rest_route=\/wp\/v2\/media\/289341"}],"wp:attachment":[{"href":"https:\/\/archive.sana.sy\/es\/index.php?rest_route=%2Fwp%2Fv2%2Fmedia&parent=289340"}],"wp:term":[{"taxonomy":"category","embeddable":true,"href":"https:\/\/archive.sana.sy\/es\/index.php?rest_route=%2Fwp%2Fv2%2Fcategories&post=289340"},{"taxonomy":"post_tag","embeddable":true,"href":"https:\/\/archive.sana.sy\/es\/index.php?rest_route=%2Fwp%2Fv2%2Ftags&post=289340"}],"curies":[{"name":"wp","href":"https:\/\/api.w.org\/{rel}","templated":true}]}}