{"id":289343,"date":"2023-02-28T14:01:15","date_gmt":"2023-02-28T11:01:15","guid":{"rendered":"https:\/\/sana.sy\/es\/?p=289343"},"modified":"2023-02-28T16:30:03","modified_gmt":"2023-02-28T13:30:03","slug":"siria-israel-debe-someter-todas-sus-instalaciones-y-armas-nucleares-al-sistema-de-salvaguardias-integrales-del-oiea-nota-en-desarrollo","status":"publish","type":"post","link":"https:\/\/archive.sana.sy\/es\/?p=289343","title":{"rendered":"Siria: &#8220;Israel&#8221; debe someter sus instalaciones nucleares al sistema de salvaguardias integrales del OIEA"},"content":{"rendered":"<p style=\"text-align: justify;\"><span style=\"color: #800000;\"><strong>Damasco, 28 feb (SANA)<\/strong><\/span> El ministro de Asuntos Exteriores y Expatriados, Faisal Al-Mekdad, afirm\u00f3 hoy que &#8220;el hecho de que las generaciones futuras eviten el flagelo de la guerra, como lo estipula la Carta de las Naciones Unidas, choca con la evasi\u00f3n de los pa\u00edses occidentales que son miembros permanentes del Consejo de Seguridad de sus obligaciones y su empe\u00f1o por imponer su influencia y hegemon\u00eda y alimentar conflictos.<\/p>\n<p style=\"text-align: justify;\">En un discurso por videoconferencia ante la Conferencia de Desarme en Ginebra, el Canciller dijo que Siria enfrent\u00f3 una guerra injusta, durante la cual algunos pa\u00edses emplearon el arma del terrorismo contra el pueblo sirio, enviaron a decenas de miles de terroristas extranjeros y les proporcionaron diversos tipos de apoyo y armas, incluidas las prohibidas internacionalmente, para servir a sus agendas hostiles a Siria.<\/p>\n<p style=\"text-align: justify;\">Las pol\u00edticas de esos pa\u00edses llevaron a organizaciones terroristas como el &#8220;Daesh&#8221; y &#8220;Frente Al-Nousra&#8221; a tener armas qu\u00edmicas y usarlas repetidamente contra los sirios, dijo el jefe de la diplomacia.<\/p>\n<p style=\"text-align: justify;\">Agreg\u00f3 que esto reafirma la necesidad de abordar las deficiencias en los instrumentos internacionales y la acci\u00f3n conjunta sin politizaci\u00f3n o desinformaci\u00f3n para encontrar un mecanismo de coordinaci\u00f3n de los esfuerzos internacionales para enfrentar los actos de terrorismo qu\u00edmico.<\/p>\n<p style=\"text-align: justify;\">El Canciller reiter\u00f3 el apoyo de Siria a la iniciativa presentada por Rusia a la Conferencia de Desarme para combatir el terrorismo qu\u00edmico y biol\u00f3gico, y para iniciar negociaciones en la conferencia sobre un proyecto de acuerdo para este prop\u00f3sito basado en el texto ruso.<\/p>\n<p style=\"text-align: justify;\">Por otro lado, destac\u00f3 que la experiencia de Siria con la Organizaci\u00f3n para la Prohibici\u00f3n de las Armas Qu\u00edmicas (OPAQ) confirm\u00f3 que los encargados de gestionar esta organizaci\u00f3n cayeron en la trampa de la polarizaci\u00f3n y la dependencia pol\u00edtica y su sumisi\u00f3n a las pol\u00edticas y dictados de los pa\u00edses occidentales que eran hostiles a Siria.<\/p>\n<p style=\"text-align: justify;\">Inst\u00f3 a los Estados parte de la OPAQ a llevar a cabo durante la pr\u00f3xima conferencia una revisi\u00f3n responsable y precisa de la acci\u00f3n de la organizaci\u00f3n y corregir los errores evidentes y las violaciones de las disposiciones del acuerdo a fin de preservar la organizaci\u00f3n y su futuro.<\/p>\n<p style=\"text-align: justify;\">Israel constituye una amenaza permanente y grave para la paz y la seguridad regional e internacional, adem\u00e1s de su lanzamiento de repetidos ataques contra los territorios sirios y palestinos, manifest\u00f3, y agreg\u00f3 que esta entidad sigue modernizando y ampliando su arsenal de todo tipo de armas de destrucci\u00f3n masiva, benefici\u00e1ndose del apoyo brindado por algunos pa\u00edses.<\/p>\n<p style=\"text-align: justify;\">Israel y sus partidarios est\u00e1n obstruyendo el establecimiento de una zona libre de armas de destrucci\u00f3n masiva en el Medio Oriente, lo que requiere que las Naciones Unidas lo obligue a unirse al Tratado de No Proliferaci\u00f3n Nuclear y someter todas sus instalaciones y armas nucleares al sistema de salvaguardias integrales del Organismo Internacional de Energ\u00eda At\u00f3mica, agreg\u00f3 el Ministro.<\/p>\n<p style=\"text-align: justify;\">fm\/as<\/p>\n","protected":false},"excerpt":{"rendered":"<p>Damasco, 28 feb (SANA) El ministro de Asuntos Exteriores y Expatriados, Faisal Al-Mekdad, afirm\u00f3 hoy que &#8220;el hecho de que las generaciones futuras eviten el flagelo de la guerra, como lo estipula la Carta de las Naciones Unidas, choca con la evasi\u00f3n de los pa\u00edses occidentales que son miembros permanentes del Consejo de Seguridad de &hellip;<\/p>\n","protected":false},"author":42,"featured_media":289345,"comment_status":"closed","ping_status":"closed","sticky":false,"template":"","format":"standard","meta":{"footnotes":""},"categories":[447,597,20724,467,583],"tags":[],"class_list":["post-289343","post","type-post","status-publish","format-standard","has-post-thumbnail","","category-local-politica","category-cinta-de-noticias","category-minuto-a-minuto","category-siria-y-el-mundo","category-slide"],"_links":{"self":[{"href":"https:\/\/archive.sana.sy\/es\/index.php?rest_route=\/wp\/v2\/posts\/289343"}],"collection":[{"href":"https:\/\/archive.sana.sy\/es\/index.php?rest_route=\/wp\/v2\/posts"}],"about":[{"href":"https:\/\/archive.sana.sy\/es\/index.php?rest_route=\/wp\/v2\/types\/post"}],"author":[{"embeddable":true,"href":"https:\/\/archive.sana.sy\/es\/index.php?rest_route=\/wp\/v2\/users\/42"}],"replies":[{"embeddable":true,"href":"https:\/\/archive.sana.sy\/es\/index.php?rest_route=%2Fwp%2Fv2%2Fcomments&post=289343"}],"version-history":[{"count":0,"href":"https:\/\/archive.sana.sy\/es\/index.php?rest_route=\/wp\/v2\/posts\/289343\/revisions"}],"wp:featuredmedia":[{"embeddable":true,"href":"https:\/\/archive.sana.sy\/es\/index.php?rest_route=\/wp\/v2\/media\/289345"}],"wp:attachment":[{"href":"https:\/\/archive.sana.sy\/es\/index.php?rest_route=%2Fwp%2Fv2%2Fmedia&parent=289343"}],"wp:term":[{"taxonomy":"category","embeddable":true,"href":"https:\/\/archive.sana.sy\/es\/index.php?rest_route=%2Fwp%2Fv2%2Fcategories&post=289343"},{"taxonomy":"post_tag","embeddable":true,"href":"https:\/\/archive.sana.sy\/es\/index.php?rest_route=%2Fwp%2Fv2%2Ftags&post=289343"}],"curies":[{"name":"wp","href":"https:\/\/api.w.org\/{rel}","templated":true}]}}