{"id":289352,"date":"2023-02-28T14:53:44","date_gmt":"2023-02-28T11:53:44","guid":{"rendered":"https:\/\/sana.sy\/es\/?p=289352"},"modified":"2023-02-28T17:25:34","modified_gmt":"2023-02-28T14:25:34","slug":"muere-un-civil-por-explosion-de-mina-en-deir-ezzor-siria","status":"publish","type":"post","link":"https:\/\/archive.sana.sy\/es\/?p=289352","title":{"rendered":"Muere un civil por explosi\u00f3n de mina en Deir Ezzor, Siria"},"content":{"rendered":"<p style=\"text-align: justify\"><span style=\"color: #800000\"><strong>Deir Ezzor , 28 feb (SANA) <\/strong><\/span>Una persona perdi\u00f3 la vida hoy y su hijo result\u00f3 herido como resultado de la explosi\u00f3n de una mina terrestre remanente de los terroristas, en la provincia oriental de Deir Ezzor.<\/p>\n<p style=\"text-align: justify\">El director del hospital provincial Mamoun Hayza, declar\u00f3 a SANA que su centro recibi\u00f3 al cuerpo de un hombre muerto y a su hijo que result\u00f3 herido por metrallas en la cabeza a consecuencia de la explosi\u00f3n de la mina.<\/p>\n<p style=\"text-align: justify\">La v\u00edspera, diez civiles murieron y otros 12 resultaron heridos por explosi\u00f3n de dos minas en la provincia central de Hama.<\/p>\n<p style=\"text-align: justify\">as\/fm<\/p>\n","protected":false},"excerpt":{"rendered":"<p>Deir Ezzor , 28 feb (SANA) Una persona perdi\u00f3 la vida hoy y su hijo result\u00f3 herido como resultado de la explosi\u00f3n de una mina terrestre remanente de los terroristas, en la provincia oriental de Deir Ezzor. El director del hospital provincial Mamoun Hayza, declar\u00f3 a SANA que su centro recibi\u00f3 al cuerpo de un &hellip;<\/p>\n","protected":false},"author":42,"featured_media":289375,"comment_status":"closed","ping_status":"closed","sticky":false,"template":"","format":"standard","meta":{"footnotes":""},"categories":[597,20724,476,16688,7541],"tags":[],"class_list":["post-289352","post","type-post","status-publish","format-standard","has-post-thumbnail","","category-cinta-de-noticias","category-minuto-a-minuto","category-locales","category-nacionales","category-ultimas-noticias"],"_links":{"self":[{"href":"https:\/\/archive.sana.sy\/es\/index.php?rest_route=\/wp\/v2\/posts\/289352"}],"collection":[{"href":"https:\/\/archive.sana.sy\/es\/index.php?rest_route=\/wp\/v2\/posts"}],"about":[{"href":"https:\/\/archive.sana.sy\/es\/index.php?rest_route=\/wp\/v2\/types\/post"}],"author":[{"embeddable":true,"href":"https:\/\/archive.sana.sy\/es\/index.php?rest_route=\/wp\/v2\/users\/42"}],"replies":[{"embeddable":true,"href":"https:\/\/archive.sana.sy\/es\/index.php?rest_route=%2Fwp%2Fv2%2Fcomments&post=289352"}],"version-history":[{"count":0,"href":"https:\/\/archive.sana.sy\/es\/index.php?rest_route=\/wp\/v2\/posts\/289352\/revisions"}],"wp:featuredmedia":[{"embeddable":true,"href":"https:\/\/archive.sana.sy\/es\/index.php?rest_route=\/wp\/v2\/media\/289375"}],"wp:attachment":[{"href":"https:\/\/archive.sana.sy\/es\/index.php?rest_route=%2Fwp%2Fv2%2Fmedia&parent=289352"}],"wp:term":[{"taxonomy":"category","embeddable":true,"href":"https:\/\/archive.sana.sy\/es\/index.php?rest_route=%2Fwp%2Fv2%2Fcategories&post=289352"},{"taxonomy":"post_tag","embeddable":true,"href":"https:\/\/archive.sana.sy\/es\/index.php?rest_route=%2Fwp%2Fv2%2Ftags&post=289352"}],"curies":[{"name":"wp","href":"https:\/\/api.w.org\/{rel}","templated":true}]}}