{"id":289393,"date":"2023-02-28T18:37:53","date_gmt":"2023-02-28T15:37:53","guid":{"rendered":"https:\/\/sana.sy\/es\/?p=289393"},"modified":"2023-02-28T18:37:53","modified_gmt":"2023-02-28T15:37:53","slug":"siria-e-irak-revisan-cooperacion-en-el-tema-de-los-desplazados","status":"publish","type":"post","link":"https:\/\/archive.sana.sy\/es\/?p=289393","title":{"rendered":"Siria e Irak revisan cooperaci\u00f3n en el tema de los desplazados"},"content":{"rendered":"<blockquote><p><strong><span style=\"color: #800000\">Las dos partes debatieron\u00a0 la situaci\u00f3n de los refugiados sirios en Irak y las v\u00edas de brindarles asistencia.<\/span><\/strong><\/p><\/blockquote>\n<p style=\"text-align: justify\"><span style=\"color: #800000\"><strong>Bagdad, 28 feb (SANA)<\/strong> <\/span>La ministra iraqu\u00ed de Migraci\u00f3n y Desplazamiento, Evan Faeq Jabro, abord\u00f3 este martes con el embajador sirio en Bagdad, Satam Jadaan Al-Dandah, las relaciones bilaterales y la situaci\u00f3n de los sirios en el territorio iraqu\u00ed.<\/p>\n<p style=\"text-align: justify\">En un comunicado, el Ministerio de Migraci\u00f3n iraqu\u00ed inform\u00f3 que Jabro expres\u00f3, al comienzo de la reuni\u00f3n, sus condolencias a las familias sirias de las v\u00edctimas que cayeron en el reciente terremoto, as\u00ed como reiter\u00f3 la solidaridad del gobierno y el pueblo iraqu\u00edes con su hermano sirio.<\/p>\n<p style=\"text-align: justify\">Las dos partes debatieron tambi\u00e9n la situaci\u00f3n de los refugiados sirios en Irak y las v\u00edas de brindarles asistencia.<\/p>\n<p style=\"text-align: justify\">En una declaraci\u00f3n al reportero de SANA, el embajador Al-Dandah revel\u00f3 haber abordado con la titular iraqu\u00ed la situaci\u00f3n en el campamento de refugiados sirios de Al-Hawl, asimismo los procedimientos tomados por el gobierno iraqu\u00ed y el Ministerio de Inmigraci\u00f3n para devolver a las familias iraqu\u00edes al campamento de Al-Jada&#8217;a.<\/p>\n<p style=\"text-align: justify\">En este contexto, enfatiz\u00f3 la importancia de la coordinaci\u00f3n con el gobierno sirio, puesto que el \u00faltimo campamento est\u00e1 ubicado en su territorio.<\/p>\n<p style=\"text-align: justify\">&#8220;Coincidimos en la importancia de la coordinaci\u00f3n binacional en el tema de los desplazados, as\u00ed como del intercambio de visitas, experiencias e informaci\u00f3n entre los dos pa\u00edses&#8221;, precis\u00f3.<\/p>\n<p style=\"text-align: justify\">Asimismo, agradeci\u00f3 al gobierno y al pueblo de Irak por su gran apoyo a los afectados por el desastre natural que azot\u00f3 Siria.<\/p>\n<p style=\"text-align: justify\">\nla<\/p>\n","protected":false},"excerpt":{"rendered":"<p>Las dos partes debatieron\u00a0 la situaci\u00f3n de los refugiados sirios en Irak y las v\u00edas de brindarles asistencia. Bagdad, 28 feb (SANA) La ministra iraqu\u00ed de Migraci\u00f3n y Desplazamiento, Evan Faeq Jabro, abord\u00f3 este martes con el embajador sirio en Bagdad, Satam Jadaan Al-Dandah, las relaciones bilaterales y la situaci\u00f3n de los sirios en el &hellip;<\/p>\n","protected":false},"author":24,"featured_media":289394,"comment_status":"closed","ping_status":"closed","sticky":false,"template":"","format":"standard","meta":{"footnotes":""},"categories":[447,597,20724,448,467,7541],"tags":[],"class_list":["post-289393","post","type-post","status-publish","format-standard","has-post-thumbnail","","category-local-politica","category-cinta-de-noticias","category-minuto-a-minuto","category-noticias","category-siria-y-el-mundo","category-ultimas-noticias"],"_links":{"self":[{"href":"https:\/\/archive.sana.sy\/es\/index.php?rest_route=\/wp\/v2\/posts\/289393"}],"collection":[{"href":"https:\/\/archive.sana.sy\/es\/index.php?rest_route=\/wp\/v2\/posts"}],"about":[{"href":"https:\/\/archive.sana.sy\/es\/index.php?rest_route=\/wp\/v2\/types\/post"}],"author":[{"embeddable":true,"href":"https:\/\/archive.sana.sy\/es\/index.php?rest_route=\/wp\/v2\/users\/24"}],"replies":[{"embeddable":true,"href":"https:\/\/archive.sana.sy\/es\/index.php?rest_route=%2Fwp%2Fv2%2Fcomments&post=289393"}],"version-history":[{"count":0,"href":"https:\/\/archive.sana.sy\/es\/index.php?rest_route=\/wp\/v2\/posts\/289393\/revisions"}],"wp:featuredmedia":[{"embeddable":true,"href":"https:\/\/archive.sana.sy\/es\/index.php?rest_route=\/wp\/v2\/media\/289394"}],"wp:attachment":[{"href":"https:\/\/archive.sana.sy\/es\/index.php?rest_route=%2Fwp%2Fv2%2Fmedia&parent=289393"}],"wp:term":[{"taxonomy":"category","embeddable":true,"href":"https:\/\/archive.sana.sy\/es\/index.php?rest_route=%2Fwp%2Fv2%2Fcategories&post=289393"},{"taxonomy":"post_tag","embeddable":true,"href":"https:\/\/archive.sana.sy\/es\/index.php?rest_route=%2Fwp%2Fv2%2Ftags&post=289393"}],"curies":[{"name":"wp","href":"https:\/\/api.w.org\/{rel}","templated":true}]}}