{"id":289414,"date":"2023-02-28T20:40:19","date_gmt":"2023-02-28T17:40:19","guid":{"rendered":"https:\/\/sana.sy\/es\/?p=289414"},"modified":"2023-02-28T20:40:19","modified_gmt":"2023-02-28T17:40:19","slug":"putin-insta-al-fsb-a-actuar-con-determinacion","status":"publish","type":"post","link":"https:\/\/archive.sana.sy\/es\/?p=289414","title":{"rendered":"Putin insta al FSB a actuar con \u201cdeterminaci\u00f3n\u201d"},"content":{"rendered":"<p style=\"text-align: justify;\"><span style=\"color: #800000;\"><strong>Mosc\u00fa, 28 feb (SANA)<\/strong><\/span> El presidente de Rusia, Vlad\u00edmir Putin, orden\u00f3 este martes al el Servicio de Seguridad Federal (FSB) ruso fortalecer la contrainteligencia para responder, de manera proporcionada, a los servicios de inteligencia occidentales.<\/p>\n<p style=\"text-align: justify;\">Durante su reuni\u00f3n con la junta del FSB en Mosc\u00fa, Putin argument\u00f3 que los servicios de inteligencia occidentales \u201clanzan todas sus fuerzas\u201d contra Rusia y pidi\u00f3 a la inteligencia rusa que responda de \u201cmanera adecuada\u201d.<\/p>\n<p style=\"text-align: justify;\">Putin describi\u00f3 2022 como \u201cespecial\u201d para el FSB, ya que su personal particip\u00f3 en la \u201coperaci\u00f3n militar especial\u201d de Mosc\u00fa en Ucrania y obtuvo una \u201cexperiencia de combate invaluable\u201d.<\/p>\n<p style=\"text-align: justify;\">El presidente ruso se\u00f1al\u00f3 que el \u201cServicio de Seguridad Federal y nuestros otros servicios de inteligencia han acumulado la misma experiencia [que otras unidades policiales y militares] durante el a\u00f1o pasado\u201d, y afirm\u00f3 que \u201cestamos obligados a utilizarla plenamente para fortalecer la seguridad nacional de nuestro pa\u00eds, para proteger el Estado, la sociedad y los derechos y libertades de nuestros ciudadanos\u201d.<\/p>\n<p style=\"text-align: justify;\">Putin explic\u00f3 que la principal tarea del FSB es proporcionar inteligencia al Ej\u00e9rcito ruso, ayudar a las personas en la zona de combate, tomar la l\u00ednea fronteriza entre Rusia y Ucrania bajo \u201ccontrol especial\u201d, organizar un paso sin obst\u00e1culos para los refugiados y evitar la infiltraci\u00f3n de saboteadores.<\/p>\n<p style=\"text-align: justify;\">El presidente subray\u00f3 la necesidad de fortalecer la \u201cl\u00ednea de contrainteligencia en general, porque los servicios de inteligencia occidentales tradicionalmente siempre han estado trabajando activamente en Rusia y ahora nos han arrojado personal adicional, as\u00ed como fuentes t\u00e9cnicas y de otro tipo\u201d, y recalc\u00f3 que \u201cnecesitamos responder en consecuencia\u201d.<\/p>\n<p style=\"text-align: justify;\">Putin enfatiz\u00f3 que la informaci\u00f3n sobre la industria de defensa debe estar \u201cbien protegida\u201d e inst\u00f3 al FSB a prestar mucha atenci\u00f3n a la protecci\u00f3n del espacio digital, la infraestructura energ\u00e9tica y la lucha contra las amenazas terroristas a fin de evitar el reclutamiento de radicales para usarlos contra Rusia.<\/p>\n<p style=\"text-align: justify;\">En este sentido, Putin afirm\u00f3 que es \u201cnecesario identificar y detener las actividades ilegales de quienes intentan dividir y debilitar nuestra sociedad, utilizando como armas el separatismo, el nacionalismo, el neonazismo y la xenofobia\u201d, y advirti\u00f3 que \u201clos intentos m\u00e1s activos son los intentos de activar toda esta escoria en nuestra tierra\u201d.<\/p>\n<p style=\"text-align: justify;\">Putin pidi\u00f3 al FSB que responda con eficacia a todos estos desaf\u00edos, act\u00fae con \u201cdeterminaci\u00f3n\u201d junto con los organismos encargados de hacer cumplir la ley y en cooperaci\u00f3n con el Comit\u00e9 Nacional Antiterrorista, y utilice todo el arsenal de medios operativos, anal\u00edticos y de otro tipo.<\/p>\n<p><strong>LEA TAMBI\u00c9N:<\/strong> <strong><span style=\"color: #993300;\"><a style=\"color: #993300;\" href=\"https:\/\/www.sana.sy\/es\/?p=289401\">La OTAN est\u00e1 \u201cde facto en guerra\u201d contra Rusia, afirma Mosc\u00fa<\/a><\/span><\/strong><\/p>\n<p>mm<\/p>\n","protected":false},"excerpt":{"rendered":"<p>Mosc\u00fa, 28 feb (SANA) El presidente de Rusia, Vlad\u00edmir Putin, orden\u00f3 este martes al el Servicio de Seguridad Federal (FSB) ruso fortalecer la contrainteligencia para responder, de manera proporcionada, a los servicios de inteligencia occidentales. Durante su reuni\u00f3n con la junta del FSB en Mosc\u00fa, Putin argument\u00f3 que los servicios de inteligencia occidentales \u201clanzan todas &hellip;<\/p>\n","protected":false},"author":36,"featured_media":289415,"comment_status":"closed","ping_status":"closed","sticky":false,"template":"","format":"standard","meta":{"footnotes":""},"categories":[597,456,16687,20724,457],"tags":[],"class_list":["post-289414","post","type-post","status-publish","format-standard","has-post-thumbnail","","category-cinta-de-noticias","category-arabe-internacional-politica","category-internacionales","category-minuto-a-minuto","category-noticias-arabe-internacional-politica"],"_links":{"self":[{"href":"https:\/\/archive.sana.sy\/es\/index.php?rest_route=\/wp\/v2\/posts\/289414"}],"collection":[{"href":"https:\/\/archive.sana.sy\/es\/index.php?rest_route=\/wp\/v2\/posts"}],"about":[{"href":"https:\/\/archive.sana.sy\/es\/index.php?rest_route=\/wp\/v2\/types\/post"}],"author":[{"embeddable":true,"href":"https:\/\/archive.sana.sy\/es\/index.php?rest_route=\/wp\/v2\/users\/36"}],"replies":[{"embeddable":true,"href":"https:\/\/archive.sana.sy\/es\/index.php?rest_route=%2Fwp%2Fv2%2Fcomments&post=289414"}],"version-history":[{"count":0,"href":"https:\/\/archive.sana.sy\/es\/index.php?rest_route=\/wp\/v2\/posts\/289414\/revisions"}],"wp:featuredmedia":[{"embeddable":true,"href":"https:\/\/archive.sana.sy\/es\/index.php?rest_route=\/wp\/v2\/media\/289415"}],"wp:attachment":[{"href":"https:\/\/archive.sana.sy\/es\/index.php?rest_route=%2Fwp%2Fv2%2Fmedia&parent=289414"}],"wp:term":[{"taxonomy":"category","embeddable":true,"href":"https:\/\/archive.sana.sy\/es\/index.php?rest_route=%2Fwp%2Fv2%2Fcategories&post=289414"},{"taxonomy":"post_tag","embeddable":true,"href":"https:\/\/archive.sana.sy\/es\/index.php?rest_route=%2Fwp%2Fv2%2Ftags&post=289414"}],"curies":[{"name":"wp","href":"https:\/\/api.w.org\/{rel}","templated":true}]}}