{"id":289423,"date":"2023-02-28T21:11:33","date_gmt":"2023-02-28T18:11:33","guid":{"rendered":"https:\/\/sana.sy\/es\/?p=289423"},"modified":"2023-02-28T21:11:33","modified_gmt":"2023-02-28T18:11:33","slug":"putin-suspende-la-participacion-de-rusia-en-el-tratado-start-iii","status":"publish","type":"post","link":"https:\/\/archive.sana.sy\/es\/?p=289423","title":{"rendered":"Putin suspende la participaci\u00f3n de Rusia en el Tratado START III"},"content":{"rendered":"<p style=\"text-align: justify;\"><span style=\"color: #800000;\"><strong>Mosc\u00fa, 28 feb (SANA)<\/strong><\/span> El presidente ruso, Vlad\u00edmir Putin, firm\u00f3 la ley que suspende la participaci\u00f3n de Rusia en el Tratado START III sobre la reducci\u00f3n de armas estrat\u00e9gicas ofensivas.<\/p>\n<p style=\"text-align: justify;\">&#8220;Est\u00e1 previsto que Rusia suspenda el Tratado [START III] entre Rusia y Estados Unidos sobre las medidas para una mayor reducci\u00f3n y limitaci\u00f3n de las armas estrat\u00e9gicas ofensivas, firmado en Praga el 8 de abril de 2010&#8221;, se lee en el documento, citado por Rusia Todya.<\/p>\n<p style=\"text-align: justify;\">El 21 de febrero el presidente ruso, Vlad\u00edmir Putin, anunci\u00f3 en su mensaje anual al Parlamento federal que decidi\u00f3 suspender la participaci\u00f3n de Rusia en el Tratado START III.<\/p>\n<p><strong>LEA TAMBI\u00c9N:<\/strong> <span style=\"color: #993300;\"><strong><a style=\"color: #993300;\" href=\"https:\/\/www.sana.sy\/es\/?p=289414\">Putin insta al FSB a actuar con \u201cdeterminaci\u00f3n\u201d<\/a><\/strong><\/span><\/p>\n<p>mm<\/p>\n","protected":false},"excerpt":{"rendered":"<p>Mosc\u00fa, 28 feb (SANA) El presidente ruso, Vlad\u00edmir Putin, firm\u00f3 la ley que suspende la participaci\u00f3n de Rusia en el Tratado START III sobre la reducci\u00f3n de armas estrat\u00e9gicas ofensivas. &#8220;Est\u00e1 previsto que Rusia suspenda el Tratado [START III] entre Rusia y Estados Unidos sobre las medidas para una mayor reducci\u00f3n y limitaci\u00f3n de las &hellip;<\/p>\n","protected":false},"author":36,"featured_media":289424,"comment_status":"closed","ping_status":"closed","sticky":false,"template":"","format":"standard","meta":{"footnotes":""},"categories":[597,456,20724,457],"tags":[],"class_list":["post-289423","post","type-post","status-publish","format-standard","has-post-thumbnail","","category-cinta-de-noticias","category-arabe-internacional-politica","category-minuto-a-minuto","category-noticias-arabe-internacional-politica"],"_links":{"self":[{"href":"https:\/\/archive.sana.sy\/es\/index.php?rest_route=\/wp\/v2\/posts\/289423"}],"collection":[{"href":"https:\/\/archive.sana.sy\/es\/index.php?rest_route=\/wp\/v2\/posts"}],"about":[{"href":"https:\/\/archive.sana.sy\/es\/index.php?rest_route=\/wp\/v2\/types\/post"}],"author":[{"embeddable":true,"href":"https:\/\/archive.sana.sy\/es\/index.php?rest_route=\/wp\/v2\/users\/36"}],"replies":[{"embeddable":true,"href":"https:\/\/archive.sana.sy\/es\/index.php?rest_route=%2Fwp%2Fv2%2Fcomments&post=289423"}],"version-history":[{"count":0,"href":"https:\/\/archive.sana.sy\/es\/index.php?rest_route=\/wp\/v2\/posts\/289423\/revisions"}],"wp:featuredmedia":[{"embeddable":true,"href":"https:\/\/archive.sana.sy\/es\/index.php?rest_route=\/wp\/v2\/media\/289424"}],"wp:attachment":[{"href":"https:\/\/archive.sana.sy\/es\/index.php?rest_route=%2Fwp%2Fv2%2Fmedia&parent=289423"}],"wp:term":[{"taxonomy":"category","embeddable":true,"href":"https:\/\/archive.sana.sy\/es\/index.php?rest_route=%2Fwp%2Fv2%2Fcategories&post=289423"},{"taxonomy":"post_tag","embeddable":true,"href":"https:\/\/archive.sana.sy\/es\/index.php?rest_route=%2Fwp%2Fv2%2Ftags&post=289423"}],"curies":[{"name":"wp","href":"https:\/\/api.w.org\/{rel}","templated":true}]}}