{"id":289426,"date":"2023-02-28T22:02:33","date_gmt":"2023-02-28T19:02:33","guid":{"rendered":"https:\/\/sana.sy\/es\/?p=289426"},"modified":"2023-03-04T12:53:58","modified_gmt":"2023-03-04T09:53:58","slug":"homenajeados-cuadros-de-la-brigada-de-bomberos-y-de-defensa-civil-por-sus-esfuerzos","status":"publish","type":"post","link":"https:\/\/archive.sana.sy\/es\/?p=289426","title":{"rendered":"Homenajeados cuadros de la Brigada de Bomberos y de Defensa Civil por sus esfuerzos"},"content":{"rendered":"<p style=\"text-align: justify;\"><span style=\"color: #800000;\"><strong>Alepo, 28 feb (SANA)<\/strong><\/span> En nombre del presidente Bashar al-Assad, el gobernador de Alepo, Hussein Diab, homenaje\u00f3 hoy a los cuadros de la Brigada de Bomberos y de Defensa Civil por sus esfuerzos excepcionales realizados en las operaciones de rescate, eliminaci\u00f3n de los escombros y el rescate de las v\u00edctimas tras el terremoto que golpe\u00f3 la ciudad de Alepo.<\/p>\n<p style=\"text-align: justify;\">En declaraciones al corresponsal de SANA, el gobernador confirm\u00f3 que el homenaje del presidente Bashar al -Assad al personal de la Brigada de Bomberos y de Defensa Civil es un mensaje aprecio a estos h\u00e9roes que participaron con toda voluntad en los esfuerzos nacionales y humanitarios para salvar a los heridos y en busca de sobrevivientes.<\/p>\n<p style=\"text-align: justify;\">Por su parte, los homenajeados expresaron su agradecimiento por este generoso gesto del presidente, lo que les da una motivaci\u00f3n para hacer m\u00e1s esfuerzos, enfatizando que lo que hicieron es parte de su deber humanitario y deber profesional hacia los afectados.<\/p>\n<div id='gallery-1' class='gallery galleryid-289426 gallery-columns-1 gallery-size-full'><figure class='gallery-item'>\n\t\t\t<div class='gallery-icon landscape'>\n\t\t\t\t<a href='https:\/\/archive.sana.sy\/es\/?attachment_id=289429'><img loading=\"lazy\" decoding=\"async\" width=\"2560\" height=\"1706\" src=\"https:\/\/archive.sana.sy\/es\/wp-content\/uploads\/2023\/02\/2-11.jpg\" class=\"attachment-full size-full\" alt=\"\" srcset=\"https:\/\/archive.sana.sy\/es\/wp-content\/uploads\/2023\/02\/2-11.jpg 2560w, https:\/\/archive.sana.sy\/es\/wp-content\/uploads\/2023\/02\/2-11-300x200.jpg 300w, https:\/\/archive.sana.sy\/es\/wp-content\/uploads\/2023\/02\/2-11-1024x682.jpg 1024w, https:\/\/archive.sana.sy\/es\/wp-content\/uploads\/2023\/02\/2-11-150x100.jpg 150w, https:\/\/archive.sana.sy\/es\/wp-content\/uploads\/2023\/02\/2-11-768x512.jpg 768w, https:\/\/archive.sana.sy\/es\/wp-content\/uploads\/2023\/02\/2-11-1536x1024.jpg 1536w, https:\/\/archive.sana.sy\/es\/wp-content\/uploads\/2023\/02\/2-11-2048x1365.jpg 2048w\" sizes=\"(max-width: 2560px) 100vw, 2560px\" \/><\/a>\n\t\t\t<\/div><\/figure>\n\t\t<\/div>\n\n<p>mm<\/p>\n","protected":false},"excerpt":{"rendered":"<p>Alepo, 28 feb (SANA) En nombre del presidente Bashar al-Assad, el gobernador de Alepo, Hussein Diab, homenaje\u00f3 hoy a los cuadros de la Brigada de Bomberos y de Defensa Civil por sus esfuerzos excepcionales realizados en las operaciones de rescate, eliminaci\u00f3n de los escombros y el rescate de las v\u00edctimas tras el terremoto que golpe\u00f3 &hellip;<\/p>\n","protected":false},"author":36,"featured_media":289427,"comment_status":"closed","ping_status":"closed","sticky":false,"template":"","format":"standard","meta":{"footnotes":""},"categories":[597,20724,476,583],"tags":[],"class_list":["post-289426","post","type-post","status-publish","format-standard","has-post-thumbnail","","category-cinta-de-noticias","category-minuto-a-minuto","category-locales","category-slide"],"_links":{"self":[{"href":"https:\/\/archive.sana.sy\/es\/index.php?rest_route=\/wp\/v2\/posts\/289426"}],"collection":[{"href":"https:\/\/archive.sana.sy\/es\/index.php?rest_route=\/wp\/v2\/posts"}],"about":[{"href":"https:\/\/archive.sana.sy\/es\/index.php?rest_route=\/wp\/v2\/types\/post"}],"author":[{"embeddable":true,"href":"https:\/\/archive.sana.sy\/es\/index.php?rest_route=\/wp\/v2\/users\/36"}],"replies":[{"embeddable":true,"href":"https:\/\/archive.sana.sy\/es\/index.php?rest_route=%2Fwp%2Fv2%2Fcomments&post=289426"}],"version-history":[{"count":0,"href":"https:\/\/archive.sana.sy\/es\/index.php?rest_route=\/wp\/v2\/posts\/289426\/revisions"}],"wp:featuredmedia":[{"embeddable":true,"href":"https:\/\/archive.sana.sy\/es\/index.php?rest_route=\/wp\/v2\/media\/289427"}],"wp:attachment":[{"href":"https:\/\/archive.sana.sy\/es\/index.php?rest_route=%2Fwp%2Fv2%2Fmedia&parent=289426"}],"wp:term":[{"taxonomy":"category","embeddable":true,"href":"https:\/\/archive.sana.sy\/es\/index.php?rest_route=%2Fwp%2Fv2%2Fcategories&post=289426"},{"taxonomy":"post_tag","embeddable":true,"href":"https:\/\/archive.sana.sy\/es\/index.php?rest_route=%2Fwp%2Fv2%2Ftags&post=289426"}],"curies":[{"name":"wp","href":"https:\/\/api.w.org\/{rel}","templated":true}]}}