{"id":289432,"date":"2023-03-01T05:42:54","date_gmt":"2023-03-01T02:42:54","guid":{"rendered":"https:\/\/sana.sy\/es\/?p=289432"},"modified":"2023-03-01T05:42:54","modified_gmt":"2023-03-01T02:42:54","slug":"delegacion-parlamentaria-irani-inicia-visita-solidaria-a-siria","status":"publish","type":"post","link":"https:\/\/archive.sana.sy\/es\/?p=289432","title":{"rendered":"Delegaci\u00f3n parlamentaria iran\u00ed inicia visita solidaria a Siria"},"content":{"rendered":"<p style=\"text-align: justify;\"><span style=\"color: #800000;\"><strong>Damasco, 03 mar (SANA)<\/strong><\/span>\u00a0 Una delegaci\u00f3n parlamentaria iran\u00ed lleg\u00f3 a Damasco, encabezada por Abbas Kalro, vicepresidente de la Asociaci\u00f3n de Amistad Parlamentaria de Siria.<\/p>\n<p style=\"text-align: justify;\">En declaraciones concedidas a SANA a su llegada al Aeropuerto Internacional de Damasco, Kalro dijo que la visita es una expresi\u00f3n de apoyo y solidaridad con los sirios en las zonas afectadas por los terremotos. Tambi\u00e9n, busca contribuir a fortalecer las relaciones parlamentarias conjuntas y activar los acuerdos de cooperaci\u00f3n, especialmente en el campo econ\u00f3mico.<\/p>\n<p style=\"text-align: justify;\">Por su parte, la jefa adjunta del Comit\u00e9 Parlamentario de Amistad Siria-Ir\u00e1n, Haifa Jumaa, destac\u00f3 que Ir\u00e1n brind\u00f3 todo tipo de apoyo al pueblo sirio, y envi\u00f3 delegaciones y ayuda de socorro a los afectados por los sismos.<\/p>\n<p style=\"text-align: justify;\">fm<\/p>\n<p style=\"text-align: justify;\">\n","protected":false},"excerpt":{"rendered":"<p>Damasco, 03 mar (SANA)\u00a0 Una delegaci\u00f3n parlamentaria iran\u00ed lleg\u00f3 a Damasco, encabezada por Abbas Kalro, vicepresidente de la Asociaci\u00f3n de Amistad Parlamentaria de Siria. En declaraciones concedidas a SANA a su llegada al Aeropuerto Internacional de Damasco, Kalro dijo que la visita es una expresi\u00f3n de apoyo y solidaridad con los sirios en las zonas &hellip;<\/p>\n","protected":false},"author":34,"featured_media":289433,"comment_status":"closed","ping_status":"closed","sticky":false,"template":"","format":"standard","meta":{"footnotes":""},"categories":[477,447,597,20724,467,7541],"tags":[2866,8878,6553,21754],"class_list":["post-289432","post","type-post","status-publish","format-standard","has-post-thumbnail","","category-noticias-edulcorantes","category-local-politica","category-cinta-de-noticias","category-minuto-a-minuto","category-siria-y-el-mundo","category-ultimas-noticias","tag-iran","tag-parlamento","tag-siria","tag-terremotos"],"_links":{"self":[{"href":"https:\/\/archive.sana.sy\/es\/index.php?rest_route=\/wp\/v2\/posts\/289432"}],"collection":[{"href":"https:\/\/archive.sana.sy\/es\/index.php?rest_route=\/wp\/v2\/posts"}],"about":[{"href":"https:\/\/archive.sana.sy\/es\/index.php?rest_route=\/wp\/v2\/types\/post"}],"author":[{"embeddable":true,"href":"https:\/\/archive.sana.sy\/es\/index.php?rest_route=\/wp\/v2\/users\/34"}],"replies":[{"embeddable":true,"href":"https:\/\/archive.sana.sy\/es\/index.php?rest_route=%2Fwp%2Fv2%2Fcomments&post=289432"}],"version-history":[{"count":0,"href":"https:\/\/archive.sana.sy\/es\/index.php?rest_route=\/wp\/v2\/posts\/289432\/revisions"}],"wp:featuredmedia":[{"embeddable":true,"href":"https:\/\/archive.sana.sy\/es\/index.php?rest_route=\/wp\/v2\/media\/289433"}],"wp:attachment":[{"href":"https:\/\/archive.sana.sy\/es\/index.php?rest_route=%2Fwp%2Fv2%2Fmedia&parent=289432"}],"wp:term":[{"taxonomy":"category","embeddable":true,"href":"https:\/\/archive.sana.sy\/es\/index.php?rest_route=%2Fwp%2Fv2%2Fcategories&post=289432"},{"taxonomy":"post_tag","embeddable":true,"href":"https:\/\/archive.sana.sy\/es\/index.php?rest_route=%2Fwp%2Fv2%2Ftags&post=289432"}],"curies":[{"name":"wp","href":"https:\/\/api.w.org\/{rel}","templated":true}]}}