{"id":289438,"date":"2023-03-01T06:21:30","date_gmt":"2023-03-01T03:21:30","guid":{"rendered":"https:\/\/sana.sy\/es\/?p=289438"},"modified":"2023-03-01T06:21:30","modified_gmt":"2023-03-01T03:21:30","slug":"eau-alerta-que-terroristas-aprovechan-el-desastre-de-los-terremotos-en-siria","status":"publish","type":"post","link":"https:\/\/archive.sana.sy\/es\/?p=289438","title":{"rendered":"EAU alerta que terroristas aprovechan el desastre de los terremotos en Siria"},"content":{"rendered":"<blockquote>\n<p style=\"text-align: justify;\"><span style=\"color: #993300;\">\u201cMientras todos segu\u00edan las escenas catastr\u00f3ficas, estos grupos obstruyeron el paso de la ayuda a trav\u00e9s de las fronteras para lograr ganancias a expensas del pueblo sirio\u201d<\/span><\/p>\n<\/blockquote>\n<p style=\"text-align: justify;\"><span style=\"color: #800000;\"><strong>Nueva York, 01 mar (SANA)\u00a0<\/strong><\/span> El representante adjunto de los Emiratos \u00c1rabes Unidos ante las Naciones Unidas, Muhammad Abu Shehab, destac\u00f3 la necesidad de intensificar la respuesta humanitaria internacional de manera urgente para llegar a todos los afectados por los terremotos en Siria.<\/p>\n<p style=\"text-align: justify;\">Durante estas dif\u00edciles circunstancias, el esp\u00edritu de solidaridad internacional estuvo presente para apoyar al pueblo sirio, sobre todo los pa\u00edses \u00e1rabes que se comunicaron con Siria y los pueblos \u00e1rabes que unieron fuerzas con este pa\u00eds, dijo Abu Shihab durante una sesi\u00f3n del Consejo de Seguridad dedicada a debatir los asuntos humanitarios y pol\u00edticos en Siria.<\/p>\n<p style=\"text-align: justify;\">El diplom\u00e1tico alert\u00f3 de los grupos terroristas aprovechan las circunstancias resultantes de los terremotos para lograr sus objetivos. \u201cMientras todos segu\u00edan las escenas catastr\u00f3ficas, estos grupos obstruyeron el paso de la ayuda a trav\u00e9s de las fronteras para lograr ganancias a expensas del pueblo sirio\u201d, explic\u00f3.<\/p>\n<p style=\"text-align: justify;\">Manifest\u00f3 la preocupaci\u00f3n de su pa\u00eds por el aumento de los secuestros y asesinatos que lleva a cabo la organizaci\u00f3n terrorista (Daesh) en Siria durante las \u00faltimas semanas, y su condena al ataque terrorista lanzado por este grupo en el campo oriental de Homs, que caus\u00f3 la muerte de 53 personas.<\/p>\n<p style=\"text-align: justify;\">fm<\/p>\n<p style=\"text-align: justify;\">\n","protected":false},"excerpt":{"rendered":"<p>\u201cMientras todos segu\u00edan las escenas catastr\u00f3ficas, estos grupos obstruyeron el paso de la ayuda a trav\u00e9s de las fronteras para lograr ganancias a expensas del pueblo sirio\u201d Nueva York, 01 mar (SANA)\u00a0 El representante adjunto de los Emiratos \u00c1rabes Unidos ante las Naciones Unidas, Muhammad Abu Shehab, destac\u00f3 la necesidad de intensificar la respuesta humanitaria &hellip;<\/p>\n","protected":false},"author":34,"featured_media":289439,"comment_status":"closed","ping_status":"closed","sticky":false,"template":"","format":"standard","meta":{"footnotes":""},"categories":[477,447,597,20724,467,7541],"tags":[],"class_list":["post-289438","post","type-post","status-publish","format-standard","has-post-thumbnail","","category-noticias-edulcorantes","category-local-politica","category-cinta-de-noticias","category-minuto-a-minuto","category-siria-y-el-mundo","category-ultimas-noticias"],"_links":{"self":[{"href":"https:\/\/archive.sana.sy\/es\/index.php?rest_route=\/wp\/v2\/posts\/289438"}],"collection":[{"href":"https:\/\/archive.sana.sy\/es\/index.php?rest_route=\/wp\/v2\/posts"}],"about":[{"href":"https:\/\/archive.sana.sy\/es\/index.php?rest_route=\/wp\/v2\/types\/post"}],"author":[{"embeddable":true,"href":"https:\/\/archive.sana.sy\/es\/index.php?rest_route=\/wp\/v2\/users\/34"}],"replies":[{"embeddable":true,"href":"https:\/\/archive.sana.sy\/es\/index.php?rest_route=%2Fwp%2Fv2%2Fcomments&post=289438"}],"version-history":[{"count":0,"href":"https:\/\/archive.sana.sy\/es\/index.php?rest_route=\/wp\/v2\/posts\/289438\/revisions"}],"wp:featuredmedia":[{"embeddable":true,"href":"https:\/\/archive.sana.sy\/es\/index.php?rest_route=\/wp\/v2\/media\/289439"}],"wp:attachment":[{"href":"https:\/\/archive.sana.sy\/es\/index.php?rest_route=%2Fwp%2Fv2%2Fmedia&parent=289438"}],"wp:term":[{"taxonomy":"category","embeddable":true,"href":"https:\/\/archive.sana.sy\/es\/index.php?rest_route=%2Fwp%2Fv2%2Fcategories&post=289438"},{"taxonomy":"post_tag","embeddable":true,"href":"https:\/\/archive.sana.sy\/es\/index.php?rest_route=%2Fwp%2Fv2%2Ftags&post=289438"}],"curies":[{"name":"wp","href":"https:\/\/api.w.org\/{rel}","templated":true}]}}