{"id":289441,"date":"2023-03-01T11:36:34","date_gmt":"2023-03-01T08:36:34","guid":{"rendered":"https:\/\/sana.sy\/es\/?p=289441"},"modified":"2023-03-04T12:53:31","modified_gmt":"2023-03-04T09:53:31","slug":"iran-exige-levantar-sanciones-de-ee-uu-contra-siria","status":"publish","type":"post","link":"https:\/\/archive.sana.sy\/es\/?p=289441","title":{"rendered":"Ir\u00e1n exige levantar sanciones de EE.UU. contra Siria"},"content":{"rendered":"<blockquote>\n<p style=\"text-align: justify;\"><span style=\"color: #800000;\">La comunidad internacional debe centrar sus esfuerzos en poner fin a todas estas medidas criminales contra el pueblo sirio, y las recientes exenciones temporales y parciales para facilitar la entrada de ayuda humanitaria no son suficientes, asever\u00f3 el delegado iran\u00ed ante la ONU, Amir Saeid Iravani<\/span><\/p>\n<\/blockquote>\n<p style=\"text-align: justify;\"><span style=\"color: #800000;\"><strong>Teher\u00e1n, 01 mar (SANA)<\/strong><\/span>\u00a0 El embajador y representante permanente de Ir\u00e1n ante la Organizaci\u00f3n de Naciones Unidas (ONU), Amir Saeid Iravani, exigi\u00f3 al Gobierno de Estados Unidos levantar las sanciones unilaterales impuestas contra Siria tras los devastadores terremotos que afectaron este pa\u00eds.<\/p>\n<p style=\"text-align: justify;\">Durante una reuni\u00f3n del Consejo de Seguridad sobre Siria, Iravani dijo que este desastre natural ha agravado la situaci\u00f3n humanitaria que de antemano era cr\u00edtica, lo que se debe abrir las puertas para la prestaci\u00f3n de ayuda humanitaria para los afectados sin politizar la situaci\u00f3n actual.<\/p>\n<p style=\"text-align: justify;\">La comunidad internacional debe centrar sus esfuerzos en poner fin a todas estas medidas criminales contra el pueblo sirio, y las recientes exenciones temporales y parciales para facilitar la entrada de ayuda humanitaria no son suficientes, asever\u00f3 el embajador.<\/p>\n<p style=\"text-align: justify;\">El delgado iran\u00ed conden\u00f3 el saqueo de las riquezas naturales de los sirios por parte de las fuerzas de ocupaci\u00f3n estadounidense desplegadas en el norte de Siria, y consider\u00f3 que tal medida es contraria a la Carta de las Naciones Unidas y las leyes internacionales.<\/p>\n<p style=\"text-align: justify;\">Estamos convencidos de que la lucha contra el terrorismo debe llevarse a cabo con pleno respeto a la soberan\u00eda nacional de Siria, concluy\u00f3.<\/p>\n<p style=\"text-align: justify;\">ws\/fm<\/p>\n","protected":false},"excerpt":{"rendered":"<p>La comunidad internacional debe centrar sus esfuerzos en poner fin a todas estas medidas criminales contra el pueblo sirio, y las recientes exenciones temporales y parciales para facilitar la entrada de ayuda humanitaria no son suficientes, asever\u00f3 el delegado iran\u00ed ante la ONU, Amir Saeid Iravani Teher\u00e1n, 01 mar (SANA)\u00a0 El embajador y representante permanente &hellip;<\/p>\n","protected":false},"author":35,"featured_media":289447,"comment_status":"closed","ping_status":"closed","sticky":false,"template":"","format":"standard","meta":{"footnotes":""},"categories":[597,20724,467,7541],"tags":[],"class_list":["post-289441","post","type-post","status-publish","format-standard","has-post-thumbnail","","category-cinta-de-noticias","category-minuto-a-minuto","category-siria-y-el-mundo","category-ultimas-noticias"],"_links":{"self":[{"href":"https:\/\/archive.sana.sy\/es\/index.php?rest_route=\/wp\/v2\/posts\/289441"}],"collection":[{"href":"https:\/\/archive.sana.sy\/es\/index.php?rest_route=\/wp\/v2\/posts"}],"about":[{"href":"https:\/\/archive.sana.sy\/es\/index.php?rest_route=\/wp\/v2\/types\/post"}],"author":[{"embeddable":true,"href":"https:\/\/archive.sana.sy\/es\/index.php?rest_route=\/wp\/v2\/users\/35"}],"replies":[{"embeddable":true,"href":"https:\/\/archive.sana.sy\/es\/index.php?rest_route=%2Fwp%2Fv2%2Fcomments&post=289441"}],"version-history":[{"count":0,"href":"https:\/\/archive.sana.sy\/es\/index.php?rest_route=\/wp\/v2\/posts\/289441\/revisions"}],"wp:featuredmedia":[{"embeddable":true,"href":"https:\/\/archive.sana.sy\/es\/index.php?rest_route=\/wp\/v2\/media\/289447"}],"wp:attachment":[{"href":"https:\/\/archive.sana.sy\/es\/index.php?rest_route=%2Fwp%2Fv2%2Fmedia&parent=289441"}],"wp:term":[{"taxonomy":"category","embeddable":true,"href":"https:\/\/archive.sana.sy\/es\/index.php?rest_route=%2Fwp%2Fv2%2Fcategories&post=289441"},{"taxonomy":"post_tag","embeddable":true,"href":"https:\/\/archive.sana.sy\/es\/index.php?rest_route=%2Fwp%2Fv2%2Ftags&post=289441"}],"curies":[{"name":"wp","href":"https:\/\/api.w.org\/{rel}","templated":true}]}}