{"id":289446,"date":"2023-03-01T11:53:01","date_gmt":"2023-03-01T08:53:01","guid":{"rendered":"http:\/\/107.6.182.27\/es\/?p=289446"},"modified":"2023-03-01T11:55:15","modified_gmt":"2023-03-01T08:55:15","slug":"aumenta-a-mas-de-45-000-cifra-de-muertos-por-terremotos-en-turquia","status":"publish","type":"post","link":"https:\/\/archive.sana.sy\/es\/?p=289446","title":{"rendered":"Aumenta a m\u00e1s de 45.000 cifra de muertos por terremotos en Turqu\u00eda"},"content":{"rendered":"<blockquote>\n<p style=\"text-align: justify;\"><span style=\"color: #993300;\"><strong>&#8220;Se registraron m\u00e1s de 11.000 r\u00e9plicas tras los primeros terremotos, mientras m\u00e1s de 13 millones de personas fueron afectadas en el pa\u00eds\u201d<\/strong><\/span><\/p>\n<\/blockquote>\n<p style=\"text-align: justify;\"><span style=\"color: #800000;\"><strong>Ankara, 01 mar (SANA)\u00a0 <\/strong><\/span>El n\u00famero de muertos por los terremotos que sacudieron a Turqu\u00eda el pasado d\u00eda 6 de febrero, aument\u00f3 a 45 mil 89 personas.<\/p>\n<p style=\"text-align: justify;\">&#8220;Se registraron m\u00e1s de 11.000 r\u00e9plicas tras los primeros terremotos, mientras m\u00e1s de 13 millones de personas fueron afectadas en el pa\u00eds\u201d inform\u00f3 la Autoridad de Gesti\u00f3n de Desastres y Emergencias de Turqu\u00eda (AFAD) citada por la Agencia Anadolu.<\/p>\n<p style=\"text-align: justify;\">La cifra anterior indicaba que 44 mil 218 personas murieron.<\/p>\n<p style=\"text-align: justify;\">As\/fm<\/p>\n<p style=\"text-align: justify;\">\n","protected":false},"excerpt":{"rendered":"<p>&#8220;Se registraron m\u00e1s de 11.000 r\u00e9plicas tras los primeros terremotos, mientras m\u00e1s de 13 millones de personas fueron afectadas en el pa\u00eds\u201d Ankara, 01 mar (SANA)\u00a0 El n\u00famero de muertos por los terremotos que sacudieron a Turqu\u00eda el pasado d\u00eda 6 de febrero, aument\u00f3 a 45 mil 89 personas. &#8220;Se registraron m\u00e1s de 11.000 r\u00e9plicas &hellip;<\/p>\n","protected":false},"author":42,"featured_media":289449,"comment_status":"closed","ping_status":"closed","sticky":false,"template":"","format":"standard","meta":{"footnotes":""},"categories":[597,456,16687,20724,7541],"tags":[],"class_list":["post-289446","post","type-post","status-publish","format-standard","has-post-thumbnail","","category-cinta-de-noticias","category-arabe-internacional-politica","category-internacionales","category-minuto-a-minuto","category-ultimas-noticias"],"_links":{"self":[{"href":"https:\/\/archive.sana.sy\/es\/index.php?rest_route=\/wp\/v2\/posts\/289446"}],"collection":[{"href":"https:\/\/archive.sana.sy\/es\/index.php?rest_route=\/wp\/v2\/posts"}],"about":[{"href":"https:\/\/archive.sana.sy\/es\/index.php?rest_route=\/wp\/v2\/types\/post"}],"author":[{"embeddable":true,"href":"https:\/\/archive.sana.sy\/es\/index.php?rest_route=\/wp\/v2\/users\/42"}],"replies":[{"embeddable":true,"href":"https:\/\/archive.sana.sy\/es\/index.php?rest_route=%2Fwp%2Fv2%2Fcomments&post=289446"}],"version-history":[{"count":0,"href":"https:\/\/archive.sana.sy\/es\/index.php?rest_route=\/wp\/v2\/posts\/289446\/revisions"}],"wp:featuredmedia":[{"embeddable":true,"href":"https:\/\/archive.sana.sy\/es\/index.php?rest_route=\/wp\/v2\/media\/289449"}],"wp:attachment":[{"href":"https:\/\/archive.sana.sy\/es\/index.php?rest_route=%2Fwp%2Fv2%2Fmedia&parent=289446"}],"wp:term":[{"taxonomy":"category","embeddable":true,"href":"https:\/\/archive.sana.sy\/es\/index.php?rest_route=%2Fwp%2Fv2%2Fcategories&post=289446"},{"taxonomy":"post_tag","embeddable":true,"href":"https:\/\/archive.sana.sy\/es\/index.php?rest_route=%2Fwp%2Fv2%2Ftags&post=289446"}],"curies":[{"name":"wp","href":"https:\/\/api.w.org\/{rel}","templated":true}]}}