{"id":289453,"date":"2023-03-01T12:09:44","date_gmt":"2023-03-01T09:09:44","guid":{"rendered":"http:\/\/107.6.182.27\/es\/?p=289453"},"modified":"2023-03-01T12:09:44","modified_gmt":"2023-03-01T09:09:44","slug":"miles-de-palestinos-protestan-contra-crimenes-israelies","status":"publish","type":"post","link":"https:\/\/archive.sana.sy\/es\/?p=289453","title":{"rendered":"Miles de palestinos protestan contra cr\u00edmenes israel\u00edes"},"content":{"rendered":"<blockquote>\n<p style=\"text-align: justify;\"><span style=\"color: #993300;\"><strong>El 22 de este mes, el ocupante israel\u00ed cometi\u00f3 una masacre en la ciudad palestina de Naplusa, en Cisjordania, en la que murieron 10 palestinos y cientos resultaron heridos.<\/strong><\/span><\/p>\n<\/blockquote>\n<p style=\"text-align: justify;\"><span style=\"color: #800000;\"><strong>Jerusal\u00e9n ocupada 01 mar (SANA) <\/strong><\/span>Miles de palestinos protestaron hoy en la ocupada ciudad de Jerusal\u00e9n para denunciar los cr\u00edmenes de las fuerzas de ocupaci\u00f3n israel\u00edes y de los colonos, en Cisjordania.<\/p>\n<p style=\"text-align: justify;\">La agencia de noticias Wafa inform\u00f3 que la manifestaci\u00f3n se llev\u00f3 a cabo para expresar solidaridad con el pueblo palestino en Cisjordania.<\/p>\n<p style=\"text-align: justify;\">El 22 de este mes, el ocupante israel\u00ed cometi\u00f3 una masacre en la ciudad palestina de Naplusa, en Cisjordania, en la que murieron 10 palestinos y cientos resultaron heridos.<\/p>\n<p style=\"text-align: justify;\">as\/fm<\/p>\n","protected":false},"excerpt":{"rendered":"<p>El 22 de este mes, el ocupante israel\u00ed cometi\u00f3 una masacre en la ciudad palestina de Naplusa, en Cisjordania, en la que murieron 10 palestinos y cientos resultaron heridos. Jerusal\u00e9n ocupada 01 mar (SANA) Miles de palestinos protestaron hoy en la ocupada ciudad de Jerusal\u00e9n para denunciar los cr\u00edmenes de las fuerzas de ocupaci\u00f3n israel\u00edes &hellip;<\/p>\n","protected":false},"author":42,"featured_media":289456,"comment_status":"closed","ping_status":"closed","sticky":false,"template":"","format":"standard","meta":{"footnotes":""},"categories":[597,456,16687,20724,7541],"tags":[],"class_list":["post-289453","post","type-post","status-publish","format-standard","has-post-thumbnail","","category-cinta-de-noticias","category-arabe-internacional-politica","category-internacionales","category-minuto-a-minuto","category-ultimas-noticias"],"_links":{"self":[{"href":"https:\/\/archive.sana.sy\/es\/index.php?rest_route=\/wp\/v2\/posts\/289453"}],"collection":[{"href":"https:\/\/archive.sana.sy\/es\/index.php?rest_route=\/wp\/v2\/posts"}],"about":[{"href":"https:\/\/archive.sana.sy\/es\/index.php?rest_route=\/wp\/v2\/types\/post"}],"author":[{"embeddable":true,"href":"https:\/\/archive.sana.sy\/es\/index.php?rest_route=\/wp\/v2\/users\/42"}],"replies":[{"embeddable":true,"href":"https:\/\/archive.sana.sy\/es\/index.php?rest_route=%2Fwp%2Fv2%2Fcomments&post=289453"}],"version-history":[{"count":0,"href":"https:\/\/archive.sana.sy\/es\/index.php?rest_route=\/wp\/v2\/posts\/289453\/revisions"}],"wp:featuredmedia":[{"embeddable":true,"href":"https:\/\/archive.sana.sy\/es\/index.php?rest_route=\/wp\/v2\/media\/289456"}],"wp:attachment":[{"href":"https:\/\/archive.sana.sy\/es\/index.php?rest_route=%2Fwp%2Fv2%2Fmedia&parent=289453"}],"wp:term":[{"taxonomy":"category","embeddable":true,"href":"https:\/\/archive.sana.sy\/es\/index.php?rest_route=%2Fwp%2Fv2%2Fcategories&post=289453"},{"taxonomy":"post_tag","embeddable":true,"href":"https:\/\/archive.sana.sy\/es\/index.php?rest_route=%2Fwp%2Fv2%2Ftags&post=289453"}],"curies":[{"name":"wp","href":"https:\/\/api.w.org\/{rel}","templated":true}]}}