{"id":289455,"date":"2023-03-01T12:13:08","date_gmt":"2023-03-01T09:13:08","guid":{"rendered":"https:\/\/sana.sy\/es\/?p=289455"},"modified":"2023-03-01T12:13:08","modified_gmt":"2023-03-01T09:13:08","slug":"terroristas-en-siria-bombardean-con-drones-varias-localidades","status":"publish","type":"post","link":"https:\/\/archive.sana.sy\/es\/?p=289455","title":{"rendered":"Terroristas en Siria bombardean con drones varias localidades"},"content":{"rendered":"<blockquote>\n<p style=\"text-align: justify;\"><span style=\"color: #800000;\">Yihadistas afiliados a las organizaciones extremistas de \u201cFrente al-Nousra\u201d y \u201cPartido Isl\u00e1mico del Turquest\u00e1n\u201d realizaron bombardeos con drones y proyectiles contra zonas seguras y puntos del ej\u00e9rcito en el campo de las provincias de Idlib y Latakia<\/span><\/p>\n<\/blockquote>\n<p style=\"text-align: justify;\"><span style=\"color: #800000;\"><strong>Mosc\u00fa, 01 mar (SANA)\u00a0<\/strong><\/span> El Ministerio de Defensa ruso confirm\u00f3 hoy que las organizaciones terroristas en la zona de desescalada en la provincia siria de Idlib, llevaron a cabo tres ataques durante las \u00faltimas 24 horas.<\/p>\n<p>Yihadistas afiliados a las organizaciones extremistas de \u201cFrente al-Nousra\u201d y \u201cPartido Isl\u00e1mico del Turquest\u00e1n\u201d realizaron bombardeos con drones y proyectiles contra zonas seguras y puntos del ej\u00e9rcito en el campo de las provincias de Idlib y Latakia .<\/p>\n<p>Grupos terroristas, en su mayor\u00eda afiliados a la organizaci\u00f3n Frente Al-Nusra, que figura en la lista terrorista internacional, se despliegan en algunas zonas de la provincia de Idlib.<\/p>\n<p>Estos grupos llevan a cabo repetidos ataques contra \u00e1reas habitadas y posiciones del ej\u00e9rcito sirio, lo que causa v\u00edctimas humanas y da\u00f1os materiales en las propiedades p\u00fablicas y privadas.<\/p>\n<p><em>ws\/fm<\/em><\/p>\n","protected":false},"excerpt":{"rendered":"<p>Yihadistas afiliados a las organizaciones extremistas de \u201cFrente al-Nousra\u201d y \u201cPartido Isl\u00e1mico del Turquest\u00e1n\u201d realizaron bombardeos con drones y proyectiles contra zonas seguras y puntos del ej\u00e9rcito en el campo de las provincias de Idlib y Latakia Mosc\u00fa, 01 mar (SANA)\u00a0 El Ministerio de Defensa ruso confirm\u00f3 hoy que las organizaciones terroristas en la zona &hellip;<\/p>\n","protected":false},"author":35,"featured_media":289458,"comment_status":"closed","ping_status":"closed","sticky":false,"template":"","format":"standard","meta":{"footnotes":""},"categories":[477,447,597,573,20724,476,7541],"tags":[],"class_list":["post-289455","post","type-post","status-publish","format-standard","has-post-thumbnail","","category-noticias-edulcorantes","category-local-politica","category-cinta-de-noticias","category-la-realidad-de-los-acontecimientos-en-siria","category-minuto-a-minuto","category-locales","category-ultimas-noticias"],"_links":{"self":[{"href":"https:\/\/archive.sana.sy\/es\/index.php?rest_route=\/wp\/v2\/posts\/289455"}],"collection":[{"href":"https:\/\/archive.sana.sy\/es\/index.php?rest_route=\/wp\/v2\/posts"}],"about":[{"href":"https:\/\/archive.sana.sy\/es\/index.php?rest_route=\/wp\/v2\/types\/post"}],"author":[{"embeddable":true,"href":"https:\/\/archive.sana.sy\/es\/index.php?rest_route=\/wp\/v2\/users\/35"}],"replies":[{"embeddable":true,"href":"https:\/\/archive.sana.sy\/es\/index.php?rest_route=%2Fwp%2Fv2%2Fcomments&post=289455"}],"version-history":[{"count":0,"href":"https:\/\/archive.sana.sy\/es\/index.php?rest_route=\/wp\/v2\/posts\/289455\/revisions"}],"wp:featuredmedia":[{"embeddable":true,"href":"https:\/\/archive.sana.sy\/es\/index.php?rest_route=\/wp\/v2\/media\/289458"}],"wp:attachment":[{"href":"https:\/\/archive.sana.sy\/es\/index.php?rest_route=%2Fwp%2Fv2%2Fmedia&parent=289455"}],"wp:term":[{"taxonomy":"category","embeddable":true,"href":"https:\/\/archive.sana.sy\/es\/index.php?rest_route=%2Fwp%2Fv2%2Fcategories&post=289455"},{"taxonomy":"post_tag","embeddable":true,"href":"https:\/\/archive.sana.sy\/es\/index.php?rest_route=%2Fwp%2Fv2%2Ftags&post=289455"}],"curies":[{"name":"wp","href":"https:\/\/api.w.org\/{rel}","templated":true}]}}