{"id":289460,"date":"2023-03-01T12:20:33","date_gmt":"2023-03-01T09:20:33","guid":{"rendered":"http:\/\/107.6.182.27\/es\/?p=289460"},"modified":"2023-03-04T12:53:02","modified_gmt":"2023-03-04T09:53:02","slug":"pedersen-respuesta-humanitaria-a-victimas-del-terremoto-en-siria-es-una-prioridad-urgente","status":"publish","type":"post","link":"https:\/\/archive.sana.sy\/es\/?p=289460","title":{"rendered":"Pedersen: Respuesta humanitaria a v\u00edctimas del terremoto en Siria es una prioridad urgente"},"content":{"rendered":"<blockquote>\n<p style=\"text-align: justify;\"><span style=\"color: #993300;\"><strong>&#8220;Este es el momento para que todos donen r\u00e1pida y generosamente a Siria y eliminen todos los obst\u00e1culos que impiden que la ayuda llegue a los sirios en todas las \u00e1reas afectadas&#8221;<\/strong><\/span><\/p>\n<\/blockquote>\n<p style=\"text-align: justify;\"><span style=\"color: #800000;\"><strong>Nueva York 01 mar (SANA) <\/strong><\/span>El enviado especial del secretario general de las Naciones Unidas a Siria, Geir Pedersen, afirm\u00f3 que la respuesta humanitaria a los afectados por el terremoto es una necesidad urgente en Siria, y llam\u00f3 a no politizaci\u00f3n el expediente de ayuda.<\/p>\n<p style=\"text-align: justify;\">Pedersen subray\u00f3 la necesidad de una respuesta de emergencia para permitir que la ayuda llegue por todos los medios.<\/p>\n<p style=\"text-align: justify;\">Agreg\u00f3 que &#8220;este es el momento para que todos donen r\u00e1pida y generosamente a Siria y eliminen todos los obst\u00e1culos que impiden que la ayuda llegue a los sirios en todas las \u00e1reas afectadas&#8221;, y expres\u00f3 su bienvenida a la iniciativa del gobierno sirio de abrir los cruces para la ayuda a Siria.<\/p>\n<p style=\"text-align: justify;\">as\/fm<\/p>\n","protected":false},"excerpt":{"rendered":"<p>&#8220;Este es el momento para que todos donen r\u00e1pida y generosamente a Siria y eliminen todos los obst\u00e1culos que impiden que la ayuda llegue a los sirios en todas las \u00e1reas afectadas&#8221; Nueva York 01 mar (SANA) El enviado especial del secretario general de las Naciones Unidas a Siria, Geir Pedersen, afirm\u00f3 que la respuesta &hellip;<\/p>\n","protected":false},"author":42,"featured_media":289461,"comment_status":"closed","ping_status":"closed","sticky":false,"template":"","format":"standard","meta":{"footnotes":""},"categories":[597,20724,467,7541],"tags":[],"class_list":["post-289460","post","type-post","status-publish","format-standard","has-post-thumbnail","","category-cinta-de-noticias","category-minuto-a-minuto","category-siria-y-el-mundo","category-ultimas-noticias"],"_links":{"self":[{"href":"https:\/\/archive.sana.sy\/es\/index.php?rest_route=\/wp\/v2\/posts\/289460"}],"collection":[{"href":"https:\/\/archive.sana.sy\/es\/index.php?rest_route=\/wp\/v2\/posts"}],"about":[{"href":"https:\/\/archive.sana.sy\/es\/index.php?rest_route=\/wp\/v2\/types\/post"}],"author":[{"embeddable":true,"href":"https:\/\/archive.sana.sy\/es\/index.php?rest_route=\/wp\/v2\/users\/42"}],"replies":[{"embeddable":true,"href":"https:\/\/archive.sana.sy\/es\/index.php?rest_route=%2Fwp%2Fv2%2Fcomments&post=289460"}],"version-history":[{"count":0,"href":"https:\/\/archive.sana.sy\/es\/index.php?rest_route=\/wp\/v2\/posts\/289460\/revisions"}],"wp:featuredmedia":[{"embeddable":true,"href":"https:\/\/archive.sana.sy\/es\/index.php?rest_route=\/wp\/v2\/media\/289461"}],"wp:attachment":[{"href":"https:\/\/archive.sana.sy\/es\/index.php?rest_route=%2Fwp%2Fv2%2Fmedia&parent=289460"}],"wp:term":[{"taxonomy":"category","embeddable":true,"href":"https:\/\/archive.sana.sy\/es\/index.php?rest_route=%2Fwp%2Fv2%2Fcategories&post=289460"},{"taxonomy":"post_tag","embeddable":true,"href":"https:\/\/archive.sana.sy\/es\/index.php?rest_route=%2Fwp%2Fv2%2Ftags&post=289460"}],"curies":[{"name":"wp","href":"https:\/\/api.w.org\/{rel}","templated":true}]}}