{"id":289463,"date":"2023-03-01T15:34:18","date_gmt":"2023-03-01T12:34:18","guid":{"rendered":"http:\/\/107.6.182.27\/es\/?p=289463"},"modified":"2023-03-02T06:31:22","modified_gmt":"2023-03-02T03:31:22","slug":"canciller-sirio-recibe-a-jefe-de-la-mision-de-supervision-de-la-tregua-en-oriente-medio","status":"publish","type":"post","link":"https:\/\/archive.sana.sy\/es\/?p=289463","title":{"rendered":"Canciller sirio recibe a Jefe de la Misi\u00f3n de Supervisi\u00f3n de la Tregua en Oriente Medio"},"content":{"rendered":"<p style=\"text-align: justify;\"><span style=\"color: #800000;\"><strong>Damasco, 01 mar (SANA)<\/strong><\/span> El ministro de Asuntos Exteriores y Expatriados, Faisal Al-Mekdad, recibi\u00f3 hoy al general mayor Patrick Gauchat, el jefe de la Misi\u00f3n de Supervisi\u00f3n de la Tregua de las Naciones Unidas (UNTSO por sus siglas en ingl\u00e9s), encargada de monitorear el alto el fuego en el Medio Oriente.<\/p>\n<p style=\"text-align: justify;\">El Canciller sirio arroj\u00f3 luz sobre el sufrimiento del pueblo sirio en el Gol\u00e1n ocupado, generado por las pr\u00e1cticas inhumanas de las fuerzas del ocupante israel\u00ed, as\u00ed como de las continuas violaciones israel\u00edes de las leyes internacionales en Siria y Palestina; las \u00faltimas se produjeron en Naplusa y la capital siria Damasco.<\/p>\n<p style=\"text-align: justify;\">Denunci\u00f3 que estas pr\u00e1cticas criminales contravienen el derecho internacional, y destac\u00f3 la importancia de que las Naciones Unidas supervisen estas violaciones israel\u00edes y procedan a condenarlas, as\u00ed como ejercer presi\u00f3n sobre sus autores para que dejen de cometer tales acciones brutales.<\/p>\n<p style=\"text-align: justify;\">Enfatiz\u00f3 que los esfuerzos de la organizaci\u00f3n internacional deben continuar hasta que se ponga fin a la ocupaci\u00f3n y se aplique la totalidad de las resoluciones internacionales al respecto.<\/p>\n<p style=\"text-align: justify;\">A su vez, el general Gauchat , resalt\u00f3 la importancia de la labor de la UNSTO y del constante apoyo internacional a la misma para que siga cumpliendo su funci\u00f3n en la regi\u00f3n.<\/p>\n<p style=\"text-align: justify;\">Asimismo elogi\u00f3 la cooperaci\u00f3n existente entre la UNTSO y la parte siria, representada por los Ministerios de Relaciones Exteriores, Expatriados y de Defensa, y resalt\u00f3 las medidas tomadas por su organizaci\u00f3n para reconstruir su sede y puntos de control, de manera que sirva la implementaci\u00f3n de su mandato.<\/p>\n<p style=\"text-align: justify;\">fm\/as\/la<\/p>\n","protected":false},"excerpt":{"rendered":"<p>Damasco, 01 mar (SANA) El ministro de Asuntos Exteriores y Expatriados, Faisal Al-Mekdad, recibi\u00f3 hoy al general mayor Patrick Gauchat, el jefe de la Misi\u00f3n de Supervisi\u00f3n de la Tregua de las Naciones Unidas (UNTSO por sus siglas en ingl\u00e9s), encargada de monitorear el alto el fuego en el Medio Oriente. El Canciller sirio arroj\u00f3 &hellip;<\/p>\n","protected":false},"author":42,"featured_media":289466,"comment_status":"closed","ping_status":"closed","sticky":false,"template":"","format":"standard","meta":{"footnotes":""},"categories":[597,20724,467,583],"tags":[],"class_list":["post-289463","post","type-post","status-publish","format-standard","has-post-thumbnail","","category-cinta-de-noticias","category-minuto-a-minuto","category-siria-y-el-mundo","category-slide"],"_links":{"self":[{"href":"https:\/\/archive.sana.sy\/es\/index.php?rest_route=\/wp\/v2\/posts\/289463"}],"collection":[{"href":"https:\/\/archive.sana.sy\/es\/index.php?rest_route=\/wp\/v2\/posts"}],"about":[{"href":"https:\/\/archive.sana.sy\/es\/index.php?rest_route=\/wp\/v2\/types\/post"}],"author":[{"embeddable":true,"href":"https:\/\/archive.sana.sy\/es\/index.php?rest_route=\/wp\/v2\/users\/42"}],"replies":[{"embeddable":true,"href":"https:\/\/archive.sana.sy\/es\/index.php?rest_route=%2Fwp%2Fv2%2Fcomments&post=289463"}],"version-history":[{"count":0,"href":"https:\/\/archive.sana.sy\/es\/index.php?rest_route=\/wp\/v2\/posts\/289463\/revisions"}],"wp:featuredmedia":[{"embeddable":true,"href":"https:\/\/archive.sana.sy\/es\/index.php?rest_route=\/wp\/v2\/media\/289466"}],"wp:attachment":[{"href":"https:\/\/archive.sana.sy\/es\/index.php?rest_route=%2Fwp%2Fv2%2Fmedia&parent=289463"}],"wp:term":[{"taxonomy":"category","embeddable":true,"href":"https:\/\/archive.sana.sy\/es\/index.php?rest_route=%2Fwp%2Fv2%2Fcategories&post=289463"},{"taxonomy":"post_tag","embeddable":true,"href":"https:\/\/archive.sana.sy\/es\/index.php?rest_route=%2Fwp%2Fv2%2Ftags&post=289463"}],"curies":[{"name":"wp","href":"https:\/\/api.w.org\/{rel}","templated":true}]}}