{"id":289468,"date":"2023-03-01T14:49:06","date_gmt":"2023-03-01T11:49:06","guid":{"rendered":"https:\/\/sana.sy\/es\/?p=289468"},"modified":"2023-03-01T14:50:40","modified_gmt":"2023-03-01T11:50:40","slug":"iran-expulsa-a-diplomaticos-alemanes-por-injerencia-en-sus-asuntos-internos","status":"publish","type":"post","link":"https:\/\/archive.sana.sy\/es\/?p=289468","title":{"rendered":"Ir\u00e1n expulsa a diplom\u00e1ticos alemanes por injerencia en sus asuntos internos"},"content":{"rendered":"<blockquote>\n<p style=\"text-align: justify;\"><span style=\"color: #800000;\">&#8220;La prioridad de Teher\u00e1n siempre es mantener la interacci\u00f3n en una atm\u00f3sfera de respeto, pero si algunas partes quieren ignorar la soberan\u00eda nacional de nuestro pa\u00eds, entonces es inevitable identificar opciones alternativas&#8221;<\/span><\/p>\n<\/blockquote>\n<p style=\"text-align: justify;\"><strong><span style=\"color: #800000;\">Teher\u00e1n, 01 mar (SANA)<\/span><\/strong> El portavoz del Ministerio de Relaciones Exteriores de Ir\u00e1n, Nasser Kanaani, anunci\u00f3 hoy la expulsi\u00f3n de dos diplom\u00e1ticos alemanes, luego de la intromisi\u00f3n del gobierno alem\u00e1n en los asuntos internos de Ir\u00e1n.<\/p>\n<p style=\"text-align: justify;\">El funcionario iran\u00ed se\u00f1al\u00f3 que el embajador alem\u00e1n en Teher\u00e1n fue convocado por el Director General de Asuntos de Europa Occidental en el Ministerio de Relaciones Exteriores de Ir\u00e1n, quien le inform\u00f3 de la decisi\u00f3n tomada.<\/p>\n<p style=\"text-align: justify;\">Kanani agreg\u00f3 que &#8220;la prioridad de Teher\u00e1n siempre es mantener la interacci\u00f3n en una atm\u00f3sfera de respeto, pero si algunas partes quieren ignorar la soberan\u00eda nacional de nuestro pa\u00eds, entonces es inevitable identificar opciones alternativas&#8221;.<\/p>\n<p style=\"text-align: justify;\">as\/fm<\/p>\n","protected":false},"excerpt":{"rendered":"<p>&#8220;La prioridad de Teher\u00e1n siempre es mantener la interacci\u00f3n en una atm\u00f3sfera de respeto, pero si algunas partes quieren ignorar la soberan\u00eda nacional de nuestro pa\u00eds, entonces es inevitable identificar opciones alternativas&#8221; Teher\u00e1n, 01 mar (SANA) El portavoz del Ministerio de Relaciones Exteriores de Ir\u00e1n, Nasser Kanaani, anunci\u00f3 hoy la expulsi\u00f3n de dos diplom\u00e1ticos alemanes, &hellip;<\/p>\n","protected":false},"author":35,"featured_media":289469,"comment_status":"closed","ping_status":"closed","sticky":false,"template":"","format":"standard","meta":{"footnotes":""},"categories":[597,456,16687,20724,7541],"tags":[],"class_list":["post-289468","post","type-post","status-publish","format-standard","has-post-thumbnail","","category-cinta-de-noticias","category-arabe-internacional-politica","category-internacionales","category-minuto-a-minuto","category-ultimas-noticias"],"_links":{"self":[{"href":"https:\/\/archive.sana.sy\/es\/index.php?rest_route=\/wp\/v2\/posts\/289468"}],"collection":[{"href":"https:\/\/archive.sana.sy\/es\/index.php?rest_route=\/wp\/v2\/posts"}],"about":[{"href":"https:\/\/archive.sana.sy\/es\/index.php?rest_route=\/wp\/v2\/types\/post"}],"author":[{"embeddable":true,"href":"https:\/\/archive.sana.sy\/es\/index.php?rest_route=\/wp\/v2\/users\/35"}],"replies":[{"embeddable":true,"href":"https:\/\/archive.sana.sy\/es\/index.php?rest_route=%2Fwp%2Fv2%2Fcomments&post=289468"}],"version-history":[{"count":0,"href":"https:\/\/archive.sana.sy\/es\/index.php?rest_route=\/wp\/v2\/posts\/289468\/revisions"}],"wp:featuredmedia":[{"embeddable":true,"href":"https:\/\/archive.sana.sy\/es\/index.php?rest_route=\/wp\/v2\/media\/289469"}],"wp:attachment":[{"href":"https:\/\/archive.sana.sy\/es\/index.php?rest_route=%2Fwp%2Fv2%2Fmedia&parent=289468"}],"wp:term":[{"taxonomy":"category","embeddable":true,"href":"https:\/\/archive.sana.sy\/es\/index.php?rest_route=%2Fwp%2Fv2%2Fcategories&post=289468"},{"taxonomy":"post_tag","embeddable":true,"href":"https:\/\/archive.sana.sy\/es\/index.php?rest_route=%2Fwp%2Fv2%2Ftags&post=289468"}],"curies":[{"name":"wp","href":"https:\/\/api.w.org\/{rel}","templated":true}]}}