{"id":289492,"date":"2023-03-01T18:06:51","date_gmt":"2023-03-01T15:06:51","guid":{"rendered":"https:\/\/sana.sy\/es\/?p=289492"},"modified":"2023-03-01T18:11:47","modified_gmt":"2023-03-01T15:11:47","slug":"canciller-sirio-recibe-una-delegacion-del-consejo-de-shura-irani","status":"publish","type":"post","link":"https:\/\/archive.sana.sy\/es\/?p=289492","title":{"rendered":"Canciller al-Mekdad recibe una delegaci\u00f3n del Consejo de Shura iran\u00ed"},"content":{"rendered":"<p style=\"text-align: justify\"><span style=\"color: #800000\"><strong>Damasco, 01 mar (SANA)<\/strong><\/span> El ministro de Asuntos Exteriores y Expatriados, Faisal Al-Mekdad, se reuni\u00f3 hoy con una delegaci\u00f3n parlamentaria iran\u00ed encabezada por Abbas Kalro, vicepresidente de la Asociaci\u00f3n de Amistad Parlamentaria iran\u00ed-siria del Consejo Isl\u00e1mico de Shura.<\/p>\n<p style=\"text-align: justify\">Durante la reuni\u00f3n, el canciller Al-Mekdad agradeci\u00f3 a Ir\u00e1n por su constante apoyo a Siria en su crisis, y destac\u00f3 que Ir\u00e1n despu\u00e9s del terremoto se precipit\u00f3 a enviar aviones con asistencia y equipos de socorro para participar en la respuesta a la cat\u00e1strofe natural.<\/p>\n<p style=\"text-align: justify\">Destac\u00f3 el nocivo impacto de la guerra terrorista que sufri\u00f3 Siria en debilitar su respuesta a semejantes cat\u00e1strofes humanitarias, y subray\u00f3 que las medidas unilaterales obstaculizaron el ingreso de la ayuda humanitaria y los equipos y maquinarias necesarias para las labores de socorro.<\/p>\n<p style=\"text-align: justify\">Por su parte, el alto diplom\u00e1tico iran\u00ed ofreci\u00f3 las condolencias del Consejo de Suhra a Siria por las v\u00edctimas del terremoto, y reiter\u00f3 el apoyo de su pa\u00eds al pueblo sirio hasta que se recupere de las repercusiones del desastre.<\/p>\n<p style=\"text-align: justify\">la<\/p>\n","protected":false},"excerpt":{"rendered":"<p>Damasco, 01 mar (SANA) El ministro de Asuntos Exteriores y Expatriados, Faisal Al-Mekdad, se reuni\u00f3 hoy con una delegaci\u00f3n parlamentaria iran\u00ed encabezada por Abbas Kalro, vicepresidente de la Asociaci\u00f3n de Amistad Parlamentaria iran\u00ed-siria del Consejo Isl\u00e1mico de Shura. Durante la reuni\u00f3n, el canciller Al-Mekdad agradeci\u00f3 a Ir\u00e1n por su constante apoyo a Siria en su &hellip;<\/p>\n","protected":false},"author":24,"featured_media":289493,"comment_status":"closed","ping_status":"closed","sticky":false,"template":"","format":"standard","meta":{"footnotes":""},"categories":[447,597,20724,476,448,467,7541],"tags":[19663,2866,21766,6553,17700],"class_list":["post-289492","post","type-post","status-publish","format-standard","has-post-thumbnail","","category-local-politica","category-cinta-de-noticias","category-minuto-a-minuto","category-locales","category-noticias","category-siria-y-el-mundo","category-ultimas-noticias","tag-ayuda","tag-iran","tag-shura","tag-siria","tag-terremoto"],"_links":{"self":[{"href":"https:\/\/archive.sana.sy\/es\/index.php?rest_route=\/wp\/v2\/posts\/289492"}],"collection":[{"href":"https:\/\/archive.sana.sy\/es\/index.php?rest_route=\/wp\/v2\/posts"}],"about":[{"href":"https:\/\/archive.sana.sy\/es\/index.php?rest_route=\/wp\/v2\/types\/post"}],"author":[{"embeddable":true,"href":"https:\/\/archive.sana.sy\/es\/index.php?rest_route=\/wp\/v2\/users\/24"}],"replies":[{"embeddable":true,"href":"https:\/\/archive.sana.sy\/es\/index.php?rest_route=%2Fwp%2Fv2%2Fcomments&post=289492"}],"version-history":[{"count":0,"href":"https:\/\/archive.sana.sy\/es\/index.php?rest_route=\/wp\/v2\/posts\/289492\/revisions"}],"wp:featuredmedia":[{"embeddable":true,"href":"https:\/\/archive.sana.sy\/es\/index.php?rest_route=\/wp\/v2\/media\/289493"}],"wp:attachment":[{"href":"https:\/\/archive.sana.sy\/es\/index.php?rest_route=%2Fwp%2Fv2%2Fmedia&parent=289492"}],"wp:term":[{"taxonomy":"category","embeddable":true,"href":"https:\/\/archive.sana.sy\/es\/index.php?rest_route=%2Fwp%2Fv2%2Fcategories&post=289492"},{"taxonomy":"post_tag","embeddable":true,"href":"https:\/\/archive.sana.sy\/es\/index.php?rest_route=%2Fwp%2Fv2%2Ftags&post=289492"}],"curies":[{"name":"wp","href":"https:\/\/api.w.org\/{rel}","templated":true}]}}