{"id":289496,"date":"2023-03-01T18:00:31","date_gmt":"2023-03-01T15:00:31","guid":{"rendered":"https:\/\/sana.sy\/es\/?p=289496"},"modified":"2023-03-01T18:22:53","modified_gmt":"2023-03-01T15:22:53","slug":"kiev-planea-provocacion-con-sustancias-radiactivas-cerca-de-transnistria-afirma-zajarova","status":"publish","type":"post","link":"https:\/\/archive.sana.sy\/es\/?p=289496","title":{"rendered":"Kiev planea provocaci\u00f3n con sustancias radiactivas cerca de Transnistria, afirma Zaj\u00e1rova"},"content":{"rendered":"<blockquote>\n<p style=\"text-align: justify\"><span style=\"color: #993300\">&#8220;El r\u00e9gimen del presidente ucraniano Vlad\u00edmir Zelenski est\u00e1 dispuesto a utilizar cualquier excusa para intensificar el conflicto con el fin de obtener ayuda militar y financiera de Occidente&#8221;, denunci\u00f3 la vocera de la Canciller\u00eda rusa.<\/span><\/p>\n<\/blockquote>\n<p style=\"text-align: justify\"><strong><span style=\"color: #800000\">Mosc\u00fa, 01 mar (SANA)<\/span> <\/strong>La portavoz del Ministerio de Asuntos Exteriores de Rusia, Mar\u00eda Zaj\u00e1rova, denunci\u00f3 hoy la posible entrega de sustancias radiactivas a Ucrania a trav\u00e9s de los puertos ucranianos de Odesa y de Chernomorsk para llevar a cabo una provocaci\u00f3n en la rep\u00fablica autoproclamada de Transnistria.<\/p>\n<p style=\"text-align: justify\">Citada por RT, Zaj\u00e1rova record\u00f3 que &#8220;los mencionados puertos ucranianos est\u00e1n implicados en el acuerdo de grano&#8221;.<\/p>\n<p style=\"text-align: justify\">&#8220;Llama la atenci\u00f3n el silencio de las autoridades ucranianas, que no han hecho comentario alguno sobre la informaci\u00f3n en los medios de comunicaci\u00f3n y las redes sociales&#8221;, subray\u00f3 la secretaria de prensa de la Canciller\u00eda rusa.<\/p>\n<p style=\"text-align: justify\">Agreg\u00f3 que &#8220;el r\u00e9gimen del presidente ucraniano Vlad\u00edmir Zelenski est\u00e1 dispuesto a utilizar cualquier excusa para intensificar el conflicto con el fin de obtener ayuda militar y financiera de Occidente&#8221;.<\/p>\n<p style=\"text-align: justify\">fm\/la<\/p>\n","protected":false},"excerpt":{"rendered":"<p>&#8220;El r\u00e9gimen del presidente ucraniano Vlad\u00edmir Zelenski est\u00e1 dispuesto a utilizar cualquier excusa para intensificar el conflicto con el fin de obtener ayuda militar y financiera de Occidente&#8221;, denunci\u00f3 la vocera de la Canciller\u00eda rusa. Mosc\u00fa, 01 mar (SANA) La portavoz del Ministerio de Asuntos Exteriores de Rusia, Mar\u00eda Zaj\u00e1rova, denunci\u00f3 hoy la posible entrega &hellip;<\/p>\n","protected":false},"author":24,"featured_media":289497,"comment_status":"closed","ping_status":"closed","sticky":false,"template":"","format":"standard","meta":{"footnotes":""},"categories":[597,456,16687,20724,7541],"tags":[6695,21767,20357,9117],"class_list":["post-289496","post","type-post","status-publish","format-standard","has-post-thumbnail","","category-cinta-de-noticias","category-arabe-internacional-politica","category-internacionales","category-minuto-a-minuto","category-ultimas-noticias","tag-rusia","tag-transnistria","tag-ucrania","tag-zajarova"],"_links":{"self":[{"href":"https:\/\/archive.sana.sy\/es\/index.php?rest_route=\/wp\/v2\/posts\/289496"}],"collection":[{"href":"https:\/\/archive.sana.sy\/es\/index.php?rest_route=\/wp\/v2\/posts"}],"about":[{"href":"https:\/\/archive.sana.sy\/es\/index.php?rest_route=\/wp\/v2\/types\/post"}],"author":[{"embeddable":true,"href":"https:\/\/archive.sana.sy\/es\/index.php?rest_route=\/wp\/v2\/users\/24"}],"replies":[{"embeddable":true,"href":"https:\/\/archive.sana.sy\/es\/index.php?rest_route=%2Fwp%2Fv2%2Fcomments&post=289496"}],"version-history":[{"count":0,"href":"https:\/\/archive.sana.sy\/es\/index.php?rest_route=\/wp\/v2\/posts\/289496\/revisions"}],"wp:featuredmedia":[{"embeddable":true,"href":"https:\/\/archive.sana.sy\/es\/index.php?rest_route=\/wp\/v2\/media\/289497"}],"wp:attachment":[{"href":"https:\/\/archive.sana.sy\/es\/index.php?rest_route=%2Fwp%2Fv2%2Fmedia&parent=289496"}],"wp:term":[{"taxonomy":"category","embeddable":true,"href":"https:\/\/archive.sana.sy\/es\/index.php?rest_route=%2Fwp%2Fv2%2Fcategories&post=289496"},{"taxonomy":"post_tag","embeddable":true,"href":"https:\/\/archive.sana.sy\/es\/index.php?rest_route=%2Fwp%2Fv2%2Ftags&post=289496"}],"curies":[{"name":"wp","href":"https:\/\/api.w.org\/{rel}","templated":true}]}}