{"id":289520,"date":"2023-03-01T20:59:43","date_gmt":"2023-03-01T17:59:43","guid":{"rendered":"http:\/\/107.6.182.27\/es\/?p=289520"},"modified":"2023-03-01T21:02:24","modified_gmt":"2023-03-01T18:02:24","slug":"donetsk-el-70-por-ciento-de-los-soldados-ucranianos-han-sido-neutralizados-en-artyomovsk","status":"publish","type":"post","link":"https:\/\/archive.sana.sy\/es\/?p=289520","title":{"rendered":"Donetsk: el 70 por ciento de los soldados ucranianos han sido neutralizados en Artyomovsk"},"content":{"rendered":"<p style=\"text-align: justify;\"><span style=\"color: #800000;\"><strong>Mosc\u00fa, 01 mar (SANA)\u00a0<\/strong><\/span> El asesor del presidente interino de la Rep\u00fablica Popular de Donetsk, Igor Kimakovsky, anunci\u00f3 que el r\u00e9gimen de Kiev ha perdido casi el 70 por ciento de los soldados veterano en la regi\u00f3n de Artyomovsk.<\/p>\n<p style=\"text-align: justify;\">El funcionario, citado por Sputnik, explic\u00f3 que si el r\u00e9gimen ucraniano env\u00eda fuerzas adicionales a la ciudad, tales fuerzas ser\u00edan marginadas para Kiev.<\/p>\n<p style=\"text-align: justify;\">Adem\u00e1s, se\u00f1al\u00f3 que Ucrania abandon\u00f3 a miles de sus soldados y los dej\u00f3 que se enfrentaran la muerte solos.<\/p>\n<p style=\"text-align: justify;\">sm<\/p>\n","protected":false},"excerpt":{"rendered":"<p>Mosc\u00fa, 01 mar (SANA)\u00a0 El asesor del presidente interino de la Rep\u00fablica Popular de Donetsk, Igor Kimakovsky, anunci\u00f3 que el r\u00e9gimen de Kiev ha perdido casi el 70 por ciento de los soldados veterano en la regi\u00f3n de Artyomovsk. El funcionario, citado por Sputnik, explic\u00f3 que si el r\u00e9gimen ucraniano env\u00eda fuerzas adicionales a la &hellip;<\/p>\n","protected":false},"author":39,"featured_media":289521,"comment_status":"closed","ping_status":"closed","sticky":false,"template":"","format":"standard","meta":{"footnotes":""},"categories":[597,456,16687,20724,7541],"tags":[],"class_list":["post-289520","post","type-post","status-publish","format-standard","has-post-thumbnail","","category-cinta-de-noticias","category-arabe-internacional-politica","category-internacionales","category-minuto-a-minuto","category-ultimas-noticias"],"_links":{"self":[{"href":"https:\/\/archive.sana.sy\/es\/index.php?rest_route=\/wp\/v2\/posts\/289520"}],"collection":[{"href":"https:\/\/archive.sana.sy\/es\/index.php?rest_route=\/wp\/v2\/posts"}],"about":[{"href":"https:\/\/archive.sana.sy\/es\/index.php?rest_route=\/wp\/v2\/types\/post"}],"author":[{"embeddable":true,"href":"https:\/\/archive.sana.sy\/es\/index.php?rest_route=\/wp\/v2\/users\/39"}],"replies":[{"embeddable":true,"href":"https:\/\/archive.sana.sy\/es\/index.php?rest_route=%2Fwp%2Fv2%2Fcomments&post=289520"}],"version-history":[{"count":0,"href":"https:\/\/archive.sana.sy\/es\/index.php?rest_route=\/wp\/v2\/posts\/289520\/revisions"}],"wp:featuredmedia":[{"embeddable":true,"href":"https:\/\/archive.sana.sy\/es\/index.php?rest_route=\/wp\/v2\/media\/289521"}],"wp:attachment":[{"href":"https:\/\/archive.sana.sy\/es\/index.php?rest_route=%2Fwp%2Fv2%2Fmedia&parent=289520"}],"wp:term":[{"taxonomy":"category","embeddable":true,"href":"https:\/\/archive.sana.sy\/es\/index.php?rest_route=%2Fwp%2Fv2%2Fcategories&post=289520"},{"taxonomy":"post_tag","embeddable":true,"href":"https:\/\/archive.sana.sy\/es\/index.php?rest_route=%2Fwp%2Fv2%2Ftags&post=289520"}],"curies":[{"name":"wp","href":"https:\/\/api.w.org\/{rel}","templated":true}]}}