{"id":289525,"date":"2023-03-01T21:13:24","date_gmt":"2023-03-01T18:13:24","guid":{"rendered":"https:\/\/sana.sy\/es\/?p=289525"},"modified":"2023-03-01T21:13:24","modified_gmt":"2023-03-01T18:13:24","slug":"siria-pierde-ante-uzbekistan-en-la-copa-asiatica-de-futbol-sub-20","status":"publish","type":"post","link":"https:\/\/archive.sana.sy\/es\/?p=289525","title":{"rendered":"Siria pierde ante Uzbekist\u00e1n en la Copa asi\u00e1tica de F\u00fatbol sub-20"},"content":{"rendered":"<p style=\"text-align: justify;\"><span style=\"color: #800000;\"><strong>Taskent, 01 mar (SANA)<\/strong><\/span> La selecci\u00f3n juvenil de f\u00fatbol de Siria perdi\u00f3 ante la selecci\u00f3n de Uzbekist\u00e1n por dos goles a cero, en la apertura de la Copa asi\u00e1tica de F\u00fatbol sub-20, que tiene lugar en Uzbekist\u00e1n, Taskent.<\/p>\n<p style=\"text-align: justify;\">Dentro del mismo grupo, la selecci\u00f3n iraqu\u00ed derrot\u00f3 a su hom\u00f3loga indonesia, por dos goles a cero.<\/p>\n<p style=\"text-align: justify;\">La selecci\u00f3n de Siria jugar\u00e1 su segundo partido el 4 de marzo contra la selecci\u00f3n de Indonesia, y concluir\u00e1 sus partidos en la fase de grupos el 7 de marzo contra la selecci\u00f3n iraqu\u00ed.<\/p>\n<p>mm<\/p>\n","protected":false},"excerpt":{"rendered":"<p>Taskent, 01 mar (SANA) La selecci\u00f3n juvenil de f\u00fatbol de Siria perdi\u00f3 ante la selecci\u00f3n de Uzbekist\u00e1n por dos goles a cero, en la apertura de la Copa asi\u00e1tica de F\u00fatbol sub-20, que tiene lugar en Uzbekist\u00e1n, Taskent. Dentro del mismo grupo, la selecci\u00f3n iraqu\u00ed derrot\u00f3 a su hom\u00f3loga indonesia, por dos goles a cero. &hellip;<\/p>\n","protected":false},"author":36,"featured_media":289526,"comment_status":"closed","ping_status":"closed","sticky":false,"template":"","format":"standard","meta":{"footnotes":""},"categories":[597,494,20724],"tags":[21771],"class_list":["post-289525","post","type-post","status-publish","format-standard","has-post-thumbnail","","category-cinta-de-noticias","category-deportes","category-minuto-a-minuto","tag-copa-asiatica-de-futbol-sub-20"],"_links":{"self":[{"href":"https:\/\/archive.sana.sy\/es\/index.php?rest_route=\/wp\/v2\/posts\/289525"}],"collection":[{"href":"https:\/\/archive.sana.sy\/es\/index.php?rest_route=\/wp\/v2\/posts"}],"about":[{"href":"https:\/\/archive.sana.sy\/es\/index.php?rest_route=\/wp\/v2\/types\/post"}],"author":[{"embeddable":true,"href":"https:\/\/archive.sana.sy\/es\/index.php?rest_route=\/wp\/v2\/users\/36"}],"replies":[{"embeddable":true,"href":"https:\/\/archive.sana.sy\/es\/index.php?rest_route=%2Fwp%2Fv2%2Fcomments&post=289525"}],"version-history":[{"count":0,"href":"https:\/\/archive.sana.sy\/es\/index.php?rest_route=\/wp\/v2\/posts\/289525\/revisions"}],"wp:featuredmedia":[{"embeddable":true,"href":"https:\/\/archive.sana.sy\/es\/index.php?rest_route=\/wp\/v2\/media\/289526"}],"wp:attachment":[{"href":"https:\/\/archive.sana.sy\/es\/index.php?rest_route=%2Fwp%2Fv2%2Fmedia&parent=289525"}],"wp:term":[{"taxonomy":"category","embeddable":true,"href":"https:\/\/archive.sana.sy\/es\/index.php?rest_route=%2Fwp%2Fv2%2Fcategories&post=289525"},{"taxonomy":"post_tag","embeddable":true,"href":"https:\/\/archive.sana.sy\/es\/index.php?rest_route=%2Fwp%2Fv2%2Ftags&post=289525"}],"curies":[{"name":"wp","href":"https:\/\/api.w.org\/{rel}","templated":true}]}}