{"id":289528,"date":"2023-03-01T22:37:09","date_gmt":"2023-03-01T19:37:09","guid":{"rendered":"https:\/\/sana.sy\/es\/?p=289528"},"modified":"2023-03-01T22:37:09","modified_gmt":"2023-03-01T19:37:09","slug":"los-sirios-del-golan-ocupado-ratifican-su-apego-a-la-patria-madre","status":"publish","type":"post","link":"https:\/\/archive.sana.sy\/es\/?p=289528","title":{"rendered":"Los sirios del Gol\u00e1n ocupado ratifican su apego a la patria madre"},"content":{"rendered":"<p style=\"text-align: justify;\"><span style=\"color: #800000;\"><strong>Gol\u00e1n ocupado, 01 mar (SANA)\u00a0<\/strong><\/span> Los residentes sirios del Gol\u00e1n ocupado reafirmaron su apego a su tierra y su rechazo al plan del enemigo israel\u00ed de instalar turbinas e\u00f3licas y todos sus planes judaizantes.<\/p>\n<p style=\"text-align: justify;\">Los golaneses, tras una reuni\u00f3n que sostuvieron hoy en la localidad de Al-Marj, aseveraron mediante una declaraci\u00f3n su categ\u00f3rico rechazo a las nuevas propuestas del ocupante por las que pretende hacer pasar su plan colonial, y subrayaron que no han aceptado ni aceptar\u00e1n regateos sobre sus derechos a su tierra y sus propiedades.<\/p>\n<p style=\"text-align: justify;\">\u201cEl Gol\u00e1n es tierra \u00e1rabe siria, y no abandonaremos ni un grano de ella. Las propuestas no son m\u00e1s que un intento de consolidar la ocupaci\u00f3n, que estar\u00e1 condenada al fracaso\u201d, enfatizaron.<\/p>\n<p style=\"text-align: justify;\">Siria afirma constantemente que el Gol\u00e1n ocupado es parte integral de sus tierras y trabaja para devolver cada pulgada del mismo a la patria madre por todos los medios disponibles, ya que es un derecho eterno que no expira por prescripci\u00f3n.<\/p>\n<p style=\"text-align: justify;\">Asimismo, Damasco contin\u00faa apoyando a sus compatriotas, los golaneses, en su lucha contra la ocupaci\u00f3n israel\u00ed y su rechazo a la pol\u00edtica de saqueo de tierras y bienes seguida por \u201cTel Aviv\u201d con el objetivo de cambiar el car\u00e1cter demogr\u00e1fico, geogr\u00e1fico y jur\u00eddico de la regi\u00f3n.<\/p>\n<p style=\"text-align: justify;\">La Organizaci\u00f3n de las Naciones Unidas (ONU) confirma constantemente la necesidad de que \u201cIsrael\u201d se retire del Gol\u00e1n sirio ocupado hasta la l\u00ednea del 4 de junio de 1967 y detenga todas las actividades de asentamiento all\u00ed.<\/p>\n<p style=\"text-align: justify;\">sm\/mm<\/p>\n","protected":false},"excerpt":{"rendered":"<p>Gol\u00e1n ocupado, 01 mar (SANA)\u00a0 Los residentes sirios del Gol\u00e1n ocupado reafirmaron su apego a su tierra y su rechazo al plan del enemigo israel\u00ed de instalar turbinas e\u00f3licas y todos sus planes judaizantes. Los golaneses, tras una reuni\u00f3n que sostuvieron hoy en la localidad de Al-Marj, aseveraron mediante una declaraci\u00f3n su categ\u00f3rico rechazo a &hellip;<\/p>\n","protected":false},"author":39,"featured_media":289529,"comment_status":"closed","ping_status":"closed","sticky":false,"template":"","format":"standard","meta":{"footnotes":""},"categories":[477,597,476,583],"tags":[],"class_list":["post-289528","post","type-post","status-publish","format-standard","has-post-thumbnail","","category-noticias-edulcorantes","category-cinta-de-noticias","category-locales","category-slide"],"_links":{"self":[{"href":"https:\/\/archive.sana.sy\/es\/index.php?rest_route=\/wp\/v2\/posts\/289528"}],"collection":[{"href":"https:\/\/archive.sana.sy\/es\/index.php?rest_route=\/wp\/v2\/posts"}],"about":[{"href":"https:\/\/archive.sana.sy\/es\/index.php?rest_route=\/wp\/v2\/types\/post"}],"author":[{"embeddable":true,"href":"https:\/\/archive.sana.sy\/es\/index.php?rest_route=\/wp\/v2\/users\/39"}],"replies":[{"embeddable":true,"href":"https:\/\/archive.sana.sy\/es\/index.php?rest_route=%2Fwp%2Fv2%2Fcomments&post=289528"}],"version-history":[{"count":0,"href":"https:\/\/archive.sana.sy\/es\/index.php?rest_route=\/wp\/v2\/posts\/289528\/revisions"}],"wp:featuredmedia":[{"embeddable":true,"href":"https:\/\/archive.sana.sy\/es\/index.php?rest_route=\/wp\/v2\/media\/289529"}],"wp:attachment":[{"href":"https:\/\/archive.sana.sy\/es\/index.php?rest_route=%2Fwp%2Fv2%2Fmedia&parent=289528"}],"wp:term":[{"taxonomy":"category","embeddable":true,"href":"https:\/\/archive.sana.sy\/es\/index.php?rest_route=%2Fwp%2Fv2%2Fcategories&post=289528"},{"taxonomy":"post_tag","embeddable":true,"href":"https:\/\/archive.sana.sy\/es\/index.php?rest_route=%2Fwp%2Fv2%2Ftags&post=289528"}],"curies":[{"name":"wp","href":"https:\/\/api.w.org\/{rel}","templated":true}]}}