{"id":289531,"date":"2023-03-02T05:54:18","date_gmt":"2023-03-02T02:54:18","guid":{"rendered":"https:\/\/sana.sy\/es\/?p=289531"},"modified":"2023-03-02T05:54:18","modified_gmt":"2023-03-02T02:54:18","slug":"china-y-bielorrusia-firman-acuerdos-y-rechazan-el-hegemonismo","status":"publish","type":"post","link":"https:\/\/archive.sana.sy\/es\/?p=289531","title":{"rendered":"China y Bielorrusia firman acuerdos y rechazan el hegemonismo"},"content":{"rendered":"<blockquote>\n<p style=\"text-align: justify;\"><span style=\"color: #993300;\">Entre otras cosas, los dos pa\u00edses decidieron cooperar en la capacitaci\u00f3n de personal militar y colaborar en la lucha preventiva contra las revoluciones de colores respaldadas por Occidente.<\/span><\/p>\n<\/blockquote>\n<p style=\"text-align: justify;\"><span style=\"color: #800000;\"><strong>Pek\u00edn, 2 mar (SANA)<\/strong><\/span> En presencia de los presidentes de China, Xi Jinping, y de Bielorrusia, Alex\u00e1nder Lukashenko, se firmaron una serie de acuerdos que ayudar\u00e1n a impulsar la cooperaci\u00f3n estrat\u00e9gica integral.<\/p>\n<p style=\"text-align: justify;\">Pek\u00edn y Minsk acordaron incrementar el comercio bilateral usando sus respectivas monedas, incentivar las inversiones mutuas y crear parques industriales con tecnolog\u00eda china en el pa\u00eds europeo.<\/p>\n<p style=\"text-align: justify;\">En el \u00e1mbito de defensa y seguridad, decidieron cooperar en la capacitaci\u00f3n de personal militar, combatir conjuntamente el crimen internacional y el terrorismo, as\u00ed como tambi\u00e9n colaborar en la lucha preventiva contra las revoluciones de colores respaldadas por Occidente.<\/p>\n<p style=\"text-align: justify;\">Ambos mandatarios rechazaron las sanciones unilaterales y cualquier manifestaci\u00f3n de hegemonismo. En este sentido, los dos pa\u00edses se apoyar\u00e1n mutuamente para mitigar las consecuencias negativas de las &#8220;ilegales&#8221; medidas coercitivas de Occidente.<\/p>\n<p style=\"text-align: justify;\">fm<\/p>\n","protected":false},"excerpt":{"rendered":"<p>Entre otras cosas, los dos pa\u00edses decidieron cooperar en la capacitaci\u00f3n de personal militar y colaborar en la lucha preventiva contra las revoluciones de colores respaldadas por Occidente. Pek\u00edn, 2 mar (SANA) En presencia de los presidentes de China, Xi Jinping, y de Bielorrusia, Alex\u00e1nder Lukashenko, se firmaron una serie de acuerdos que ayudar\u00e1n a &hellip;<\/p>\n","protected":false},"author":34,"featured_media":289532,"comment_status":"closed","ping_status":"closed","sticky":false,"template":"","format":"standard","meta":{"footnotes":""},"categories":[597,456,20724,7541],"tags":[],"class_list":["post-289531","post","type-post","status-publish","format-standard","has-post-thumbnail","","category-cinta-de-noticias","category-arabe-internacional-politica","category-minuto-a-minuto","category-ultimas-noticias"],"_links":{"self":[{"href":"https:\/\/archive.sana.sy\/es\/index.php?rest_route=\/wp\/v2\/posts\/289531"}],"collection":[{"href":"https:\/\/archive.sana.sy\/es\/index.php?rest_route=\/wp\/v2\/posts"}],"about":[{"href":"https:\/\/archive.sana.sy\/es\/index.php?rest_route=\/wp\/v2\/types\/post"}],"author":[{"embeddable":true,"href":"https:\/\/archive.sana.sy\/es\/index.php?rest_route=\/wp\/v2\/users\/34"}],"replies":[{"embeddable":true,"href":"https:\/\/archive.sana.sy\/es\/index.php?rest_route=%2Fwp%2Fv2%2Fcomments&post=289531"}],"version-history":[{"count":0,"href":"https:\/\/archive.sana.sy\/es\/index.php?rest_route=\/wp\/v2\/posts\/289531\/revisions"}],"wp:featuredmedia":[{"embeddable":true,"href":"https:\/\/archive.sana.sy\/es\/index.php?rest_route=\/wp\/v2\/media\/289532"}],"wp:attachment":[{"href":"https:\/\/archive.sana.sy\/es\/index.php?rest_route=%2Fwp%2Fv2%2Fmedia&parent=289531"}],"wp:term":[{"taxonomy":"category","embeddable":true,"href":"https:\/\/archive.sana.sy\/es\/index.php?rest_route=%2Fwp%2Fv2%2Fcategories&post=289531"},{"taxonomy":"post_tag","embeddable":true,"href":"https:\/\/archive.sana.sy\/es\/index.php?rest_route=%2Fwp%2Fv2%2Ftags&post=289531"}],"curies":[{"name":"wp","href":"https:\/\/api.w.org\/{rel}","templated":true}]}}