{"id":289540,"date":"2023-03-02T11:13:06","date_gmt":"2023-03-02T08:13:06","guid":{"rendered":"https:\/\/sana.sy\/es\/?p=289540"},"modified":"2023-03-02T11:13:06","modified_gmt":"2023-03-02T08:13:06","slug":"estallido-de-una-mina-mata-a-cinco-civiles-en-deir-ezzor-siria","status":"publish","type":"post","link":"https:\/\/archive.sana.sy\/es\/?p=289540","title":{"rendered":"Estallido de una mina mata a cinco civiles en Deir Ezzor\/Siria"},"content":{"rendered":"<blockquote>\n<p style=\"text-align: justify;\"><span style=\"color: #800000;\">El incidente ocurri\u00f3 en la regi\u00f3n de Kabayeb en el suroeste de la provincia oriental siria de Deir Ezzor, cuando una mina estall\u00f3 al paso de un cami\u00f3n que transportaba a trabajadores que iban a recolectar trufas en las zonas des\u00e9rticas.<\/span><\/p>\n<\/blockquote>\n<p style=\"text-align: justify;\"><span style=\"color: #800000;\"><strong>Deir Ezzor, 2 mar (SANA)\u00a0<\/strong><\/span> Cinco civiles perdieron la vida y m\u00e1s de otros 40 resultaron heridos por la explosi\u00f3n de una mina remanente de los terroristas de Daesh.<\/p>\n<p>El incidente ocurri\u00f3 en la regi\u00f3n de Kabayeb en el suroeste de la provincia oriental siria de Deir Ezzor, cuando una mina estall\u00f3 al paso de un cami\u00f3n que transportaba a trabajadores que iban a recolectar trufas en las zonas des\u00e9rticas.<\/p>\n<p>El d\u00eda 28 de febrero pasado, una persona perdi\u00f3 la vida y su hijo result\u00f3 herido como resultado de la explosi\u00f3n de una mina remanente de los terroristas, en la misma provincia de Deir Ezzor.<\/p>\n<p>Mientras el d\u00eda 27 de febrero, al menos 10 civiles murieron y otros 12 resultaron heridos por explosi\u00f3n de dos minas en la provincia central de Hama.<\/p>\n<p>fm\/ws<\/p>\n","protected":false},"excerpt":{"rendered":"<p>El incidente ocurri\u00f3 en la regi\u00f3n de Kabayeb en el suroeste de la provincia oriental siria de Deir Ezzor, cuando una mina estall\u00f3 al paso de un cami\u00f3n que transportaba a trabajadores que iban a recolectar trufas en las zonas des\u00e9rticas. Deir Ezzor, 2 mar (SANA)\u00a0 Cinco civiles perdieron la vida y m\u00e1s de otros &hellip;<\/p>\n","protected":false},"author":35,"featured_media":289541,"comment_status":"closed","ping_status":"closed","sticky":false,"template":"","format":"standard","meta":{"footnotes":""},"categories":[477,597,20724,476,583],"tags":[],"class_list":["post-289540","post","type-post","status-publish","format-standard","has-post-thumbnail","","category-noticias-edulcorantes","category-cinta-de-noticias","category-minuto-a-minuto","category-locales","category-slide"],"_links":{"self":[{"href":"https:\/\/archive.sana.sy\/es\/index.php?rest_route=\/wp\/v2\/posts\/289540"}],"collection":[{"href":"https:\/\/archive.sana.sy\/es\/index.php?rest_route=\/wp\/v2\/posts"}],"about":[{"href":"https:\/\/archive.sana.sy\/es\/index.php?rest_route=\/wp\/v2\/types\/post"}],"author":[{"embeddable":true,"href":"https:\/\/archive.sana.sy\/es\/index.php?rest_route=\/wp\/v2\/users\/35"}],"replies":[{"embeddable":true,"href":"https:\/\/archive.sana.sy\/es\/index.php?rest_route=%2Fwp%2Fv2%2Fcomments&post=289540"}],"version-history":[{"count":0,"href":"https:\/\/archive.sana.sy\/es\/index.php?rest_route=\/wp\/v2\/posts\/289540\/revisions"}],"wp:featuredmedia":[{"embeddable":true,"href":"https:\/\/archive.sana.sy\/es\/index.php?rest_route=\/wp\/v2\/media\/289541"}],"wp:attachment":[{"href":"https:\/\/archive.sana.sy\/es\/index.php?rest_route=%2Fwp%2Fv2%2Fmedia&parent=289540"}],"wp:term":[{"taxonomy":"category","embeddable":true,"href":"https:\/\/archive.sana.sy\/es\/index.php?rest_route=%2Fwp%2Fv2%2Fcategories&post=289540"},{"taxonomy":"post_tag","embeddable":true,"href":"https:\/\/archive.sana.sy\/es\/index.php?rest_route=%2Fwp%2Fv2%2Ftags&post=289540"}],"curies":[{"name":"wp","href":"https:\/\/api.w.org\/{rel}","templated":true}]}}