{"id":289543,"date":"2023-03-02T11:42:25","date_gmt":"2023-03-02T08:42:25","guid":{"rendered":"http:\/\/107.6.182.27\/es\/?p=289543"},"modified":"2023-03-02T11:42:25","modified_gmt":"2023-03-02T08:42:25","slug":"europa-no-debe-convertirse-en-terreno-para-conspirar-contra-iran-afirma-raisi","status":"publish","type":"post","link":"https:\/\/archive.sana.sy\/es\/?p=289543","title":{"rendered":"Europa no debe convertirse en terreno para conspirar contra Ir\u00e1n, afirma Raisi"},"content":{"rendered":"<blockquote>\n<p style=\"text-align: justify;\"><span style=\"color: #993300;\"><strong>En una conversaci\u00f3n telef\u00f3nica con el primer ministro belga, el mandatario iran\u00ed expres\u00f3 su preocupaci\u00f3n por el apoyo que ofrecen algunos pa\u00edses europeos a los grupos terroristas y reiter\u00f3 la disposici\u00f3n de Teher\u00e1n de resolver los problemas de manera cooperativa, siempre que la otra parte adopte tambi\u00e9n ese enfoque.<\/strong><\/span><\/p>\n<\/blockquote>\n<p style=\"text-align: justify;\"><span style=\"color: #800000;\"><strong>Teher\u00e1n, 02 mar (SANA) <\/strong><\/span>El presidente iran\u00ed Ebrahim Raisi, dijo hoy que los territorios de los pa\u00edses europeos no deben ser una fuente de conspiraci\u00f3n y amenaza a los intereses del pueblo iran\u00ed.<\/p>\n<p style=\"text-align: justify;\">En una conversaci\u00f3n telef\u00f3nica con el primer ministro belga, Alexandre de Croo, el mandatario iran\u00ed dijo que su pa\u00eds est\u00e1 listo para tener relaciones buenas y constructivas con el mundo, incluso con los pa\u00edses europeos, pero si el gobierno de un pa\u00eds elige, bajo la influencia de informaci\u00f3n falsa, el camino del enfrentamiento con nosotros, ser\u00e1 perjudicado.<\/p>\n<p style=\"text-align: justify;\">Expres\u00f3 su preocupaci\u00f3n por el apoyo que ofrecen algunos pa\u00edses europeos a los grupos terroristas y reiter\u00f3 la disposici\u00f3n de Teher\u00e1n para resolver los problemas de manera cooperativa, siempre que la otra parte adopte tambi\u00e9n ese enfoque.<\/p>\n<p style=\"text-align: justify;\">Por su parte, el Primer Ministro belga destac\u00f3 la importancia de desarrollar las relaciones y la cooperaci\u00f3n entre los dos pa\u00edses que se remontan a 130 a\u00f1os.<\/p>\n<p style=\"text-align: justify;\">B\u00e9lgica siempre sigue el camino del di\u00e1logo para fortalecer sus relaciones con Ir\u00e1n y espera resolver los problemas con un enfoque basado en la comprensi\u00f3n y la cooperaci\u00f3n, asegur\u00f3.<\/p>\n<p style=\"text-align: justify;\">as\/fm<\/p>\n","protected":false},"excerpt":{"rendered":"<p>En una conversaci\u00f3n telef\u00f3nica con el primer ministro belga, el mandatario iran\u00ed expres\u00f3 su preocupaci\u00f3n por el apoyo que ofrecen algunos pa\u00edses europeos a los grupos terroristas y reiter\u00f3 la disposici\u00f3n de Teher\u00e1n de resolver los problemas de manera cooperativa, siempre que la otra parte adopte tambi\u00e9n ese enfoque. Teher\u00e1n, 02 mar (SANA) El presidente &hellip;<\/p>\n","protected":false},"author":42,"featured_media":289544,"comment_status":"closed","ping_status":"closed","sticky":false,"template":"","format":"standard","meta":{"footnotes":""},"categories":[597,456,16687,20724,7541],"tags":[],"class_list":["post-289543","post","type-post","status-publish","format-standard","has-post-thumbnail","","category-cinta-de-noticias","category-arabe-internacional-politica","category-internacionales","category-minuto-a-minuto","category-ultimas-noticias"],"_links":{"self":[{"href":"https:\/\/archive.sana.sy\/es\/index.php?rest_route=\/wp\/v2\/posts\/289543"}],"collection":[{"href":"https:\/\/archive.sana.sy\/es\/index.php?rest_route=\/wp\/v2\/posts"}],"about":[{"href":"https:\/\/archive.sana.sy\/es\/index.php?rest_route=\/wp\/v2\/types\/post"}],"author":[{"embeddable":true,"href":"https:\/\/archive.sana.sy\/es\/index.php?rest_route=\/wp\/v2\/users\/42"}],"replies":[{"embeddable":true,"href":"https:\/\/archive.sana.sy\/es\/index.php?rest_route=%2Fwp%2Fv2%2Fcomments&post=289543"}],"version-history":[{"count":0,"href":"https:\/\/archive.sana.sy\/es\/index.php?rest_route=\/wp\/v2\/posts\/289543\/revisions"}],"wp:featuredmedia":[{"embeddable":true,"href":"https:\/\/archive.sana.sy\/es\/index.php?rest_route=\/wp\/v2\/media\/289544"}],"wp:attachment":[{"href":"https:\/\/archive.sana.sy\/es\/index.php?rest_route=%2Fwp%2Fv2%2Fmedia&parent=289543"}],"wp:term":[{"taxonomy":"category","embeddable":true,"href":"https:\/\/archive.sana.sy\/es\/index.php?rest_route=%2Fwp%2Fv2%2Fcategories&post=289543"},{"taxonomy":"post_tag","embeddable":true,"href":"https:\/\/archive.sana.sy\/es\/index.php?rest_route=%2Fwp%2Fv2%2Ftags&post=289543"}],"curies":[{"name":"wp","href":"https:\/\/api.w.org\/{rel}","templated":true}]}}