{"id":28958,"date":"2015-08-26T12:03:59","date_gmt":"2015-08-26T09:03:59","guid":{"rendered":"http:\/\/sana.sy\/es\/?p=28958"},"modified":"2015-08-26T12:03:59","modified_gmt":"2015-08-26T09:03:59","slug":"pentagono-las-negociaciones-con-turquia-no-incluyen-la-creacion-de-una-zona-de-exclusion-aerea-sobre-siria","status":"publish","type":"post","link":"https:\/\/archive.sana.sy\/es\/?p=28958","title":{"rendered":"Pent\u00e1gono: las negociaciones con Turqu\u00eda no incluyen la creaci\u00f3n de una &#8220;zona de exclusi\u00f3n a\u00e9rea&#8221; sobre Siria"},"content":{"rendered":"<p><span style=\"color: #800000\">Washington, SANA<\/span><\/p>\n<p>El Departamento de Defensa de Estados Unidos anunci\u00f3 la continuaci\u00f3n de las negociaciones con el r\u00e9gimen turco respecto a la cuesti\u00f3n de controlar la frontera turco-siria, aclarando que esas negociaciones no incluyen la creaci\u00f3n de una zona de &#8220;exclusi\u00f3n a\u00e9rea&#8221; en Siria seg\u00fan lo exige el r\u00e9gimen turco.<\/p>\n<p>El portavoz del Pent\u00e1gono, Peter Cook, dijo durante una rueda de prensa, que &#8220;las negociaciones a\u00fan est\u00e1n en curso entre Washington y Ankara sobre las v\u00edas de controlar la frontera con Siria, indicando que esas negociaciones no incluye una zona de exclusi\u00f3n a\u00e9rea en Siria.<\/p>\n<p>El secretario de Defensa norteamericano, Ashton Carter, hab\u00eda reprochado de forma directa a Turqu\u00eda por su lentitud en las negociaciones y pidi\u00f3 al r\u00e9gimen de Recep Erdogan que lleve a cabo esfuerzos eficaces para controlar la frontera entre Turqu\u00eda y Siria.<\/p>\n<p>El portavoz del Pent\u00e1gono agreg\u00f3 que las negociaciones entre Washington y Ankara en la materia de controlar las fronteras a\u00fan contin\u00faan, destacando que el fortalecimiento de la cooperaci\u00f3n con los turcos todav\u00eda est\u00e1 en fase de construcci\u00f3n.<\/p>\n<p><span style=\"color: #00ccff\">Fady M., Hala B.<\/span><\/p>\n","protected":false},"excerpt":{"rendered":"<p>Washington, SANA El Departamento de Defensa de Estados Unidos anunci\u00f3 la continuaci\u00f3n de las negociaciones con el r\u00e9gimen turco respecto a la cuesti\u00f3n de controlar la frontera turco-siria, aclarando que esas negociaciones no incluyen la creaci\u00f3n de una zona de &#8220;exclusi\u00f3n a\u00e9rea&#8221; en Siria seg\u00fan lo exige el r\u00e9gimen turco. El portavoz del Pent\u00e1gono, Peter &hellip;<\/p>\n","protected":false},"author":1,"featured_media":28959,"comment_status":"closed","ping_status":"closed","sticky":false,"template":"","format":"standard","meta":{"footnotes":""},"categories":[456,457,576],"tags":[6406],"class_list":["post-28958","post","type-post","status-publish","format-standard","has-post-thumbnail","","category-arabe-internacional-politica","category-noticias-arabe-internacional-politica","category-noticias-politicas","tag-pentagono-las-negociaciones-con-turquia-no-incluyen-la-creacion-de-una-zona-de-exclusion-aerea-sobre-siria"],"_links":{"self":[{"href":"https:\/\/archive.sana.sy\/es\/index.php?rest_route=\/wp\/v2\/posts\/28958"}],"collection":[{"href":"https:\/\/archive.sana.sy\/es\/index.php?rest_route=\/wp\/v2\/posts"}],"about":[{"href":"https:\/\/archive.sana.sy\/es\/index.php?rest_route=\/wp\/v2\/types\/post"}],"author":[{"embeddable":true,"href":"https:\/\/archive.sana.sy\/es\/index.php?rest_route=\/wp\/v2\/users\/1"}],"replies":[{"embeddable":true,"href":"https:\/\/archive.sana.sy\/es\/index.php?rest_route=%2Fwp%2Fv2%2Fcomments&post=28958"}],"version-history":[{"count":0,"href":"https:\/\/archive.sana.sy\/es\/index.php?rest_route=\/wp\/v2\/posts\/28958\/revisions"}],"wp:featuredmedia":[{"embeddable":true,"href":"https:\/\/archive.sana.sy\/es\/index.php?rest_route=\/wp\/v2\/media\/28959"}],"wp:attachment":[{"href":"https:\/\/archive.sana.sy\/es\/index.php?rest_route=%2Fwp%2Fv2%2Fmedia&parent=28958"}],"wp:term":[{"taxonomy":"category","embeddable":true,"href":"https:\/\/archive.sana.sy\/es\/index.php?rest_route=%2Fwp%2Fv2%2Fcategories&post=28958"},{"taxonomy":"post_tag","embeddable":true,"href":"https:\/\/archive.sana.sy\/es\/index.php?rest_route=%2Fwp%2Fv2%2Ftags&post=28958"}],"curies":[{"name":"wp","href":"https:\/\/api.w.org\/{rel}","templated":true}]}}