{"id":289611,"date":"2023-03-02T21:33:43","date_gmt":"2023-03-02T18:33:43","guid":{"rendered":"https:\/\/sana.sy\/es\/?p=289611"},"modified":"2023-03-02T21:33:43","modified_gmt":"2023-03-02T18:33:43","slug":"lanzan-la-campana-solidaria-paren-el-bloqueo-contra-siria","status":"publish","type":"post","link":"https:\/\/archive.sana.sy\/es\/?p=289611","title":{"rendered":"Lanzan la campa\u00f1a solidaria \u201cParen el bloqueo contra Siria\u201d"},"content":{"rendered":"<p style=\"text-align: justify;\"><span style=\"color: #800000;\"><strong>Amm\u00e1n, 2 mar (SANA)<\/strong> \u00a0<\/span>En solidaridad con el pueblo sirio, el Foro \u00c1rabe de Amm\u00e1n, en cooperaci\u00f3n con un grupo de organizaciones y activistas del mundo \u00e1rabe, Europa y Am\u00e9rica del Norte, lanzar\u00e1 el pr\u00f3ximo s\u00e1bado una campa\u00f1a titulada \u201cParen el bloqueo contra Siria\u201d.<\/p>\n<p style=\"text-align: justify;\">La campa\u00f1a tiene como objetivo movilizar esfuerzos para levantar el bloqueo occidental a Siria, especialmente despu\u00e9s del reciente terremoto que azot\u00f3 el pa\u00eds.<\/p>\n<p style=\"text-align: justify;\">Adem\u00e1s, la campa\u00f1a incluye una serie de sentadas de protesta y solidaridad en Jordania, Palestina, Argelia, Egipto, Yemen, T\u00fanez, Marruecos, L\u00edbano, Gran Breta\u00f1a, Eslovaquia, Irlanda, Alemania y Canad\u00e1, as\u00ed como otras actividades que se anunciar\u00e1n pronto.<\/p>\n<p>LEA TAMBI\u00c9N: <span style=\"color: #993300;\"><a style=\"color: #993300;\" href=\"https:\/\/sana.sy\/es\/?p=287766\">Campa\u00f1a \u00e1rabe e internacional encaminada a romper el bloqueo impuesto a Siria<\/a><\/span><\/p>\n<p>mm<\/p>\n","protected":false},"excerpt":{"rendered":"<p>Amm\u00e1n, 2 mar (SANA) \u00a0En solidaridad con el pueblo sirio, el Foro \u00c1rabe de Amm\u00e1n, en cooperaci\u00f3n con un grupo de organizaciones y activistas del mundo \u00e1rabe, Europa y Am\u00e9rica del Norte, lanzar\u00e1 el pr\u00f3ximo s\u00e1bado una campa\u00f1a titulada \u201cParen el bloqueo contra Siria\u201d. La campa\u00f1a tiene como objetivo movilizar esfuerzos para levantar el bloqueo &hellip;<\/p>\n","protected":false},"author":36,"featured_media":289612,"comment_status":"closed","ping_status":"closed","sticky":false,"template":"","format":"standard","meta":{"footnotes":""},"categories":[597,20724,467,7541],"tags":[21772],"class_list":["post-289611","post","type-post","status-publish","format-standard","has-post-thumbnail","","category-cinta-de-noticias","category-minuto-a-minuto","category-siria-y-el-mundo","category-ultimas-noticias","tag-campana-bloqueo-siria"],"_links":{"self":[{"href":"https:\/\/archive.sana.sy\/es\/index.php?rest_route=\/wp\/v2\/posts\/289611"}],"collection":[{"href":"https:\/\/archive.sana.sy\/es\/index.php?rest_route=\/wp\/v2\/posts"}],"about":[{"href":"https:\/\/archive.sana.sy\/es\/index.php?rest_route=\/wp\/v2\/types\/post"}],"author":[{"embeddable":true,"href":"https:\/\/archive.sana.sy\/es\/index.php?rest_route=\/wp\/v2\/users\/36"}],"replies":[{"embeddable":true,"href":"https:\/\/archive.sana.sy\/es\/index.php?rest_route=%2Fwp%2Fv2%2Fcomments&post=289611"}],"version-history":[{"count":0,"href":"https:\/\/archive.sana.sy\/es\/index.php?rest_route=\/wp\/v2\/posts\/289611\/revisions"}],"wp:featuredmedia":[{"embeddable":true,"href":"https:\/\/archive.sana.sy\/es\/index.php?rest_route=\/wp\/v2\/media\/289612"}],"wp:attachment":[{"href":"https:\/\/archive.sana.sy\/es\/index.php?rest_route=%2Fwp%2Fv2%2Fmedia&parent=289611"}],"wp:term":[{"taxonomy":"category","embeddable":true,"href":"https:\/\/archive.sana.sy\/es\/index.php?rest_route=%2Fwp%2Fv2%2Fcategories&post=289611"},{"taxonomy":"post_tag","embeddable":true,"href":"https:\/\/archive.sana.sy\/es\/index.php?rest_route=%2Fwp%2Fv2%2Ftags&post=289611"}],"curies":[{"name":"wp","href":"https:\/\/api.w.org\/{rel}","templated":true}]}}