{"id":289625,"date":"2023-03-02T21:34:44","date_gmt":"2023-03-02T18:34:44","guid":{"rendered":"https:\/\/sana.sy\/es\/?p=289625"},"modified":"2023-03-02T21:34:44","modified_gmt":"2023-03-02T18:34:44","slug":"altos-funcionarios-sudafricanos-expresan-apoyo-y-condolencias-a-siria","status":"publish","type":"post","link":"https:\/\/archive.sana.sy\/es\/?p=289625","title":{"rendered":"Altos funcionarios sudafricanos expresan apoyo y condolencias a Siria"},"content":{"rendered":"<p style=\"text-align: justify;\"><span style=\"color: #800000;\"><strong>Damasco, 02 mar (SANA)\u00a0<\/strong><\/span> El presidente de la Asamblea Popular (Parlamento), Hamouda Sabbagh, recibi\u00f3 un mensaje de solidaridad y condolencias de Nosofwe Mapisa Nkakula, presidenta de la Asamblea Nacional, y Amos Masondo, presidente del Consejo Nacional de Provincias de Sud\u00e1frica.<\/p>\n<p style=\"text-align: justify;\">El mensaje conjunto inclu\u00eda expresar simpat\u00eda y apoyo a las familias de las v\u00edctimas y al pueblo sirio tras el devastador terremoto que azot\u00f3 varias provincias sirias el pasado seis de febrero.<\/p>\n<p style=\"text-align: justify;\">sm\/mm<\/p>\n","protected":false},"excerpt":{"rendered":"<p>Damasco, 02 mar (SANA)\u00a0 El presidente de la Asamblea Popular (Parlamento), Hamouda Sabbagh, recibi\u00f3 un mensaje de solidaridad y condolencias de Nosofwe Mapisa Nkakula, presidenta de la Asamblea Nacional, y Amos Masondo, presidente del Consejo Nacional de Provincias de Sud\u00e1frica. El mensaje conjunto inclu\u00eda expresar simpat\u00eda y apoyo a las familias de las v\u00edctimas y &hellip;<\/p>\n","protected":false},"author":39,"featured_media":289626,"comment_status":"closed","ping_status":"closed","sticky":false,"template":"","format":"standard","meta":{"footnotes":""},"categories":[597,20724,467,7541],"tags":[20039,6553,21774],"class_list":["post-289625","post","type-post","status-publish","format-standard","has-post-thumbnail","","category-cinta-de-noticias","category-minuto-a-minuto","category-siria-y-el-mundo","category-ultimas-noticias","tag-condolencias","tag-siria","tag-sudafricanos"],"_links":{"self":[{"href":"https:\/\/archive.sana.sy\/es\/index.php?rest_route=\/wp\/v2\/posts\/289625"}],"collection":[{"href":"https:\/\/archive.sana.sy\/es\/index.php?rest_route=\/wp\/v2\/posts"}],"about":[{"href":"https:\/\/archive.sana.sy\/es\/index.php?rest_route=\/wp\/v2\/types\/post"}],"author":[{"embeddable":true,"href":"https:\/\/archive.sana.sy\/es\/index.php?rest_route=\/wp\/v2\/users\/39"}],"replies":[{"embeddable":true,"href":"https:\/\/archive.sana.sy\/es\/index.php?rest_route=%2Fwp%2Fv2%2Fcomments&post=289625"}],"version-history":[{"count":0,"href":"https:\/\/archive.sana.sy\/es\/index.php?rest_route=\/wp\/v2\/posts\/289625\/revisions"}],"wp:featuredmedia":[{"embeddable":true,"href":"https:\/\/archive.sana.sy\/es\/index.php?rest_route=\/wp\/v2\/media\/289626"}],"wp:attachment":[{"href":"https:\/\/archive.sana.sy\/es\/index.php?rest_route=%2Fwp%2Fv2%2Fmedia&parent=289625"}],"wp:term":[{"taxonomy":"category","embeddable":true,"href":"https:\/\/archive.sana.sy\/es\/index.php?rest_route=%2Fwp%2Fv2%2Fcategories&post=289625"},{"taxonomy":"post_tag","embeddable":true,"href":"https:\/\/archive.sana.sy\/es\/index.php?rest_route=%2Fwp%2Fv2%2Ftags&post=289625"}],"curies":[{"name":"wp","href":"https:\/\/api.w.org\/{rel}","templated":true}]}}