{"id":28964,"date":"2015-08-26T12:07:56","date_gmt":"2015-08-26T09:07:56","guid":{"rendered":"http:\/\/sana.sy\/es\/?p=28964"},"modified":"2015-08-26T12:07:56","modified_gmt":"2015-08-26T09:07:56","slug":"seguridad-libanesa-arresta-a-una-red-terrorista-en-tripoli","status":"publish","type":"post","link":"https:\/\/archive.sana.sy\/es\/?p=28964","title":{"rendered":"Seguridad libanesa arresta a una red terrorista en Tr\u00edpoli"},"content":{"rendered":"<p><span style=\"color: #800000\">Beirut, SANA<\/span><\/p>\n<p>La Seguridad General libanesa detuvo los tres integrantes de una red terrorista en la ciudad de Tr\u00edpoli en el norte de L\u00edbano.<\/p>\n<p>Los terroristas arrestados reclutaban a j\u00f3venes para su env\u00edo a combatir en las filas de la organizaci\u00f3n terrorista del Estado Isl\u00e1mico (EI) en Siria e Irak.<\/p>\n<p>El diario liban\u00e9s &#8220;Al-Akhbar&#8221; inform\u00f3 que la Seguridad General llev\u00f3 a cabo durante los \u00faltimos dos d\u00edas, dos operaciones separadas durante las cuales fueron arrestados varios terroristas en las ciudades de Akar y Tr\u00edpoli.<\/p>\n<p>Fuentes de seguridad informaron que uno de los tres libaneses detenidos tiene la nacionalidad sueca, y que su principal tarea era reclutar a los j\u00f3venes y facilitar su traslado desde el L\u00edbano a las zonas donde est\u00e1n presentes los combatientes de la organizaci\u00f3n terrorista del EI.<\/p>\n<p><span style=\"color: #00ccff\">Fady M., Hala B.<\/span><\/p>\n","protected":false},"excerpt":{"rendered":"<p>Beirut, SANA La Seguridad General libanesa detuvo los tres integrantes de una red terrorista en la ciudad de Tr\u00edpoli en el norte de L\u00edbano. Los terroristas arrestados reclutaban a j\u00f3venes para su env\u00edo a combatir en las filas de la organizaci\u00f3n terrorista del Estado Isl\u00e1mico (EI) en Siria e Irak. El diario liban\u00e9s &#8220;Al-Akhbar&#8221; inform\u00f3 &hellip;<\/p>\n","protected":false},"author":1,"featured_media":28965,"comment_status":"closed","ping_status":"closed","sticky":false,"template":"","format":"standard","meta":{"footnotes":""},"categories":[456,457,576],"tags":[6408],"class_list":["post-28964","post","type-post","status-publish","format-standard","has-post-thumbnail","","category-arabe-internacional-politica","category-noticias-arabe-internacional-politica","category-noticias-politicas","tag-seguridad-libanesa-arresta-a-una-red-terrorista-en-tripoli"],"_links":{"self":[{"href":"https:\/\/archive.sana.sy\/es\/index.php?rest_route=\/wp\/v2\/posts\/28964"}],"collection":[{"href":"https:\/\/archive.sana.sy\/es\/index.php?rest_route=\/wp\/v2\/posts"}],"about":[{"href":"https:\/\/archive.sana.sy\/es\/index.php?rest_route=\/wp\/v2\/types\/post"}],"author":[{"embeddable":true,"href":"https:\/\/archive.sana.sy\/es\/index.php?rest_route=\/wp\/v2\/users\/1"}],"replies":[{"embeddable":true,"href":"https:\/\/archive.sana.sy\/es\/index.php?rest_route=%2Fwp%2Fv2%2Fcomments&post=28964"}],"version-history":[{"count":0,"href":"https:\/\/archive.sana.sy\/es\/index.php?rest_route=\/wp\/v2\/posts\/28964\/revisions"}],"wp:featuredmedia":[{"embeddable":true,"href":"https:\/\/archive.sana.sy\/es\/index.php?rest_route=\/wp\/v2\/media\/28965"}],"wp:attachment":[{"href":"https:\/\/archive.sana.sy\/es\/index.php?rest_route=%2Fwp%2Fv2%2Fmedia&parent=28964"}],"wp:term":[{"taxonomy":"category","embeddable":true,"href":"https:\/\/archive.sana.sy\/es\/index.php?rest_route=%2Fwp%2Fv2%2Fcategories&post=28964"},{"taxonomy":"post_tag","embeddable":true,"href":"https:\/\/archive.sana.sy\/es\/index.php?rest_route=%2Fwp%2Fv2%2Ftags&post=28964"}],"curies":[{"name":"wp","href":"https:\/\/api.w.org\/{rel}","templated":true}]}}