{"id":289662,"date":"2023-03-03T14:37:44","date_gmt":"2023-03-03T11:37:44","guid":{"rendered":"https:\/\/sana.sy\/es\/?p=289662"},"modified":"2023-03-03T20:15:43","modified_gmt":"2023-03-03T17:15:43","slug":"proporcionar-aviones-por-parte-de-la-otan-a-kiev-es-una-involucracion-directa-en-la-guerra-contra-rusia-afirma-medvedev","status":"publish","type":"post","link":"https:\/\/archive.sana.sy\/es\/?p=289662","title":{"rendered":"Proporcionar aviones a Kiev por parte de la OTAN es una involucraci\u00f3n directa en la guerra contra Rusia, afirma Medvedev"},"content":{"rendered":"<p style=\"text-align: justify;\"><span style=\"color: #800000;\"><strong>Mosc\u00fa, 03 mar (SANA)\u00a0 \u00a0<\/strong><\/span>El vicepresidente del Consejo de Seguridad de Rusia, Dmitry Medvedev, afirm\u00f3 que la entrega de aviones de la OTAN a Ucrania y su mantenimiento en Polonia formar\u00eda una participaci\u00f3n directa de la &#8220;OTAN&#8221; en la guerra contra Rusia.<\/p>\n<p style=\"text-align: justify;\">\u201cCuando los especialistas de la OTAN entrenan a los ucranianos sobre el uso b\u00e9lico de las armas, esto puede considerarse una involucraci\u00f3n directa por parte de la alianza en el conflicto militar, del lado del r\u00e9gimen ucraniano\u201d, escribi\u00f3 Medvedev en su canal Telegram y fue difundido por la agencia TASS.<\/p>\n<p style=\"text-align: justify;\">El titular ruso explic\u00f3 que expertos canadienses y alemanes ya est\u00e1n ense\u00f1ando y entrenando a asesinos ucranianos sobre c\u00f3mo manejar los tanques Leopard, y si los aviones que entregar\u00e1 la OTAN ser\u00edan reparados en Polonia a manos de sus especialistas esto ser\u00e1 una colaboraci\u00f3n directa de los atlantistas en la guerra contra Rusia.<\/p>\n<p style=\"text-align: justify;\">Agreg\u00f3 que cualquiera que suministre o repare equipos militares y medios de destrucci\u00f3n al r\u00e9gimen ucraniano, as\u00ed como los mercenarios extranjeros y entrenadores, ser\u00edan blancos militares leg\u00edtimos para las fuerzas rusas.<\/p>\n<p style=\"text-align: justify;\">sm<\/p>\n<p style=\"text-align: justify;\">\n","protected":false},"excerpt":{"rendered":"<p>Mosc\u00fa, 03 mar (SANA)\u00a0 \u00a0El vicepresidente del Consejo de Seguridad de Rusia, Dmitry Medvedev, afirm\u00f3 que la entrega de aviones de la OTAN a Ucrania y su mantenimiento en Polonia formar\u00eda una participaci\u00f3n directa de la &#8220;OTAN&#8221; en la guerra contra Rusia. \u201cCuando los especialistas de la OTAN entrenan a los ucranianos sobre el uso &hellip;<\/p>\n","protected":false},"author":39,"featured_media":289663,"comment_status":"closed","ping_status":"closed","sticky":false,"template":"","format":"standard","meta":{"footnotes":""},"categories":[597,456,16687,20724,7541],"tags":[20427,19747,20281,19811,6695],"class_list":["post-289662","post","type-post","status-publish","format-standard","has-post-thumbnail","","category-cinta-de-noticias","category-arabe-internacional-politica","category-internacionales","category-minuto-a-minuto","category-ultimas-noticias","tag-aviones","tag-guerra","tag-kiev","tag-otan","tag-rusia"],"_links":{"self":[{"href":"https:\/\/archive.sana.sy\/es\/index.php?rest_route=\/wp\/v2\/posts\/289662"}],"collection":[{"href":"https:\/\/archive.sana.sy\/es\/index.php?rest_route=\/wp\/v2\/posts"}],"about":[{"href":"https:\/\/archive.sana.sy\/es\/index.php?rest_route=\/wp\/v2\/types\/post"}],"author":[{"embeddable":true,"href":"https:\/\/archive.sana.sy\/es\/index.php?rest_route=\/wp\/v2\/users\/39"}],"replies":[{"embeddable":true,"href":"https:\/\/archive.sana.sy\/es\/index.php?rest_route=%2Fwp%2Fv2%2Fcomments&post=289662"}],"version-history":[{"count":0,"href":"https:\/\/archive.sana.sy\/es\/index.php?rest_route=\/wp\/v2\/posts\/289662\/revisions"}],"wp:featuredmedia":[{"embeddable":true,"href":"https:\/\/archive.sana.sy\/es\/index.php?rest_route=\/wp\/v2\/media\/289663"}],"wp:attachment":[{"href":"https:\/\/archive.sana.sy\/es\/index.php?rest_route=%2Fwp%2Fv2%2Fmedia&parent=289662"}],"wp:term":[{"taxonomy":"category","embeddable":true,"href":"https:\/\/archive.sana.sy\/es\/index.php?rest_route=%2Fwp%2Fv2%2Fcategories&post=289662"},{"taxonomy":"post_tag","embeddable":true,"href":"https:\/\/archive.sana.sy\/es\/index.php?rest_route=%2Fwp%2Fv2%2Ftags&post=289662"}],"curies":[{"name":"wp","href":"https:\/\/api.w.org\/{rel}","templated":true}]}}