{"id":28967,"date":"2015-08-26T16:32:05","date_gmt":"2015-08-26T13:32:05","guid":{"rendered":"http:\/\/sana.sy\/es\/?p=28967"},"modified":"2015-08-27T18:38:29","modified_gmt":"2015-08-27T15:38:29","slug":"damasco-condena-ataques-barbaros-del-ei-contra-la-herencia-cultural-y-la-civilizacion-de-siria","status":"publish","type":"post","link":"https:\/\/archive.sana.sy\/es\/?p=28967","title":{"rendered":"Damasco condena ataques b\u00e1rbaros del EI contra la herencia cultural y la civilizaci\u00f3n de Siria"},"content":{"rendered":"<p><span style=\"color: #800000\">Damasco, SANA<\/span><\/p>\n<p>Siria expres\u00f3 su indignaci\u00f3n por el crimen barb\u00e1rico cometido por la organizaci\u00f3n terrorista del Estado Isl\u00e1mico (EI), al destruir el templo de Baal y su asesinato al arque\u00f3logo Khaled Assaad, en la ciudad de Palmira.<\/p>\n<p>Una fuente oficial en el Ministerio de Exteriores y Expatriados expres\u00f3 la gran indignaci\u00f3n de la Rep\u00fablica \u00c1rabe Siria al crimen barb\u00e1rico cometido por la organizaci\u00f3n del EI al destruir el templo de Baal Shameen en Palmira y asesinar al arque\u00f3logo Khaled Assaad quien hizo grandes contribuciones a la civilizaci\u00f3n de Siria y a la humanidad.<\/p>\n<p>La fuente agreg\u00f3 que este crimen y los barb\u00e1ricos ataques cometidos por la organizaci\u00f3n takfirista del EI contra la herencia cultural y la civilizaci\u00f3n siria, apuntan contra la identidad, la memoria nacional siria y las impecables contribuciones de los sirios a la civilizaci\u00f3n humana.<\/p>\n<p>La fuente continu\u00f3: &#8220;el fracaso de los estados en la regi\u00f3n y el mundo en la aplicaci\u00f3n de las resoluciones del Consejo de Seguridad sobre la lucha contra el terrorismo, en particular la Resoluci\u00f3n 2199, que hace hincapi\u00e9 en la protecci\u00f3n de los monumentos arqueol\u00f3gicos en Siria e Irak, es el que ha animado a la organizaci\u00f3n terrorista del (EI) a persistir en la destrucci\u00f3n del patrimonio cultural en Siria e Irak.<\/p>\n<p>La fuente agreg\u00f3 que el pueblo sirio que se siente orgulloso de lo que ha contribuido de logros a la humanidad, est\u00e1 decidido hoy m\u00e1s que nunca a defender esos logros, y llama a los de la conciencia viva en el mundo a que se unan para preservar este patrimonio cultural que pertenece a toda la humanidad.<br \/>\n<span style=\"color: #00ccff\">Fady M., Hala B.<\/span><\/p>\n","protected":false},"excerpt":{"rendered":"<p>Damasco, SANA Siria expres\u00f3 su indignaci\u00f3n por el crimen barb\u00e1rico cometido por la organizaci\u00f3n terrorista del Estado Isl\u00e1mico (EI), al destruir el templo de Baal y su asesinato al arque\u00f3logo Khaled Assaad, en la ciudad de Palmira. Una fuente oficial en el Ministerio de Exteriores y Expatriados expres\u00f3 la gran indignaci\u00f3n de la Rep\u00fablica \u00c1rabe &hellip;<\/p>\n","protected":false},"author":1,"featured_media":15882,"comment_status":"closed","ping_status":"closed","sticky":false,"template":"","format":"standard","meta":{"footnotes":""},"categories":[477,476],"tags":[6409],"class_list":["post-28967","post","type-post","status-publish","format-standard","has-post-thumbnail","","category-noticias-edulcorantes","category-locales","tag-damasco-condena-ataques-barbaros-del-ei-contra-la-herencia-cultural-y-la-civilizacion-de-siria"],"_links":{"self":[{"href":"https:\/\/archive.sana.sy\/es\/index.php?rest_route=\/wp\/v2\/posts\/28967"}],"collection":[{"href":"https:\/\/archive.sana.sy\/es\/index.php?rest_route=\/wp\/v2\/posts"}],"about":[{"href":"https:\/\/archive.sana.sy\/es\/index.php?rest_route=\/wp\/v2\/types\/post"}],"author":[{"embeddable":true,"href":"https:\/\/archive.sana.sy\/es\/index.php?rest_route=\/wp\/v2\/users\/1"}],"replies":[{"embeddable":true,"href":"https:\/\/archive.sana.sy\/es\/index.php?rest_route=%2Fwp%2Fv2%2Fcomments&post=28967"}],"version-history":[{"count":0,"href":"https:\/\/archive.sana.sy\/es\/index.php?rest_route=\/wp\/v2\/posts\/28967\/revisions"}],"wp:featuredmedia":[{"embeddable":true,"href":"https:\/\/archive.sana.sy\/es\/index.php?rest_route=\/wp\/v2\/media\/15882"}],"wp:attachment":[{"href":"https:\/\/archive.sana.sy\/es\/index.php?rest_route=%2Fwp%2Fv2%2Fmedia&parent=28967"}],"wp:term":[{"taxonomy":"category","embeddable":true,"href":"https:\/\/archive.sana.sy\/es\/index.php?rest_route=%2Fwp%2Fv2%2Fcategories&post=28967"},{"taxonomy":"post_tag","embeddable":true,"href":"https:\/\/archive.sana.sy\/es\/index.php?rest_route=%2Fwp%2Fv2%2Ftags&post=28967"}],"curies":[{"name":"wp","href":"https:\/\/api.w.org\/{rel}","templated":true}]}}