{"id":289689,"date":"2023-03-03T18:13:14","date_gmt":"2023-03-03T15:13:14","guid":{"rendered":"http:\/\/107.6.182.27\/es\/?p=289689"},"modified":"2023-03-03T18:13:14","modified_gmt":"2023-03-03T15:13:14","slug":"asfixiados-y-heridos-palestinos-durante-asalto-de-colonos-israelies-en-cisjordania","status":"publish","type":"post","link":"https:\/\/archive.sana.sy\/es\/?p=289689","title":{"rendered":"Asfixiados y heridos palestinos durante asalto de colonos israel\u00edes en Cisjordania"},"content":{"rendered":"<p style=\"text-align: justify;\"><strong><span style=\"color: #800000;\">Jerusal\u00e9n ocupada, 03 mar (SANA)\u00a0<\/span><\/strong> Varios palestinos resultaron heridos hoy durante el asalto de los colonos israel\u00edes en el pueblo de Qaryut, al sur de Naplusa, en Cisjordania.<\/p>\n<p style=\"text-align: justify;\">Seg\u00fan inform\u00f3 la agencia palestina Wafa, los colonos asaltaron el mencionado pueblo con la protecci\u00f3n de las fuerzas de ocupaci\u00f3n, que dispararon balas y bombas de gas lacrim\u00f3geno hacia los palestinos, lo que provoc\u00f3 la lesi\u00f3n de algunos y la asfixia de otros.<\/p>\n<p style=\"text-align: justify;\">La v\u00edspera, docenas de palestinos resultaron lesionados por el ataque de las fuerzas del ocupante israel\u00ed contra el pueblo de Rummana, al oeste de Jenin, en Cisjordania.<\/p>\n<p style=\"text-align: justify;\">lch\/rr\/sm<\/p>\n","protected":false},"excerpt":{"rendered":"<p>Jerusal\u00e9n ocupada, 03 mar (SANA)\u00a0 Varios palestinos resultaron heridos hoy durante el asalto de los colonos israel\u00edes en el pueblo de Qaryut, al sur de Naplusa, en Cisjordania. Seg\u00fan inform\u00f3 la agencia palestina Wafa, los colonos asaltaron el mencionado pueblo con la protecci\u00f3n de las fuerzas de ocupaci\u00f3n, que dispararon balas y bombas de gas &hellip;<\/p>\n","protected":false},"author":41,"featured_media":289697,"comment_status":"closed","ping_status":"closed","sticky":false,"template":"","format":"standard","meta":{"footnotes":""},"categories":[456,16687,457],"tags":[17418],"class_list":["post-289689","post","type-post","status-publish","format-standard","has-post-thumbnail","","category-arabe-internacional-politica","category-internacionales","category-noticias-arabe-internacional-politica","tag-docenas-palestinos-sufren-asfixia-con-gas-lacrimogeno-empleado-por-fuerzas-de-ocupacion-israelies"],"_links":{"self":[{"href":"https:\/\/archive.sana.sy\/es\/index.php?rest_route=\/wp\/v2\/posts\/289689"}],"collection":[{"href":"https:\/\/archive.sana.sy\/es\/index.php?rest_route=\/wp\/v2\/posts"}],"about":[{"href":"https:\/\/archive.sana.sy\/es\/index.php?rest_route=\/wp\/v2\/types\/post"}],"author":[{"embeddable":true,"href":"https:\/\/archive.sana.sy\/es\/index.php?rest_route=\/wp\/v2\/users\/41"}],"replies":[{"embeddable":true,"href":"https:\/\/archive.sana.sy\/es\/index.php?rest_route=%2Fwp%2Fv2%2Fcomments&post=289689"}],"version-history":[{"count":0,"href":"https:\/\/archive.sana.sy\/es\/index.php?rest_route=\/wp\/v2\/posts\/289689\/revisions"}],"wp:featuredmedia":[{"embeddable":true,"href":"https:\/\/archive.sana.sy\/es\/index.php?rest_route=\/wp\/v2\/media\/289697"}],"wp:attachment":[{"href":"https:\/\/archive.sana.sy\/es\/index.php?rest_route=%2Fwp%2Fv2%2Fmedia&parent=289689"}],"wp:term":[{"taxonomy":"category","embeddable":true,"href":"https:\/\/archive.sana.sy\/es\/index.php?rest_route=%2Fwp%2Fv2%2Fcategories&post=289689"},{"taxonomy":"post_tag","embeddable":true,"href":"https:\/\/archive.sana.sy\/es\/index.php?rest_route=%2Fwp%2Fv2%2Ftags&post=289689"}],"curies":[{"name":"wp","href":"https:\/\/api.w.org\/{rel}","templated":true}]}}