{"id":289691,"date":"2023-03-03T07:50:45","date_gmt":"2023-03-03T04:50:45","guid":{"rendered":"https:\/\/sana.sy\/es\/?p=289691"},"modified":"2023-03-03T20:35:34","modified_gmt":"2023-03-03T17:35:34","slug":"siria-celebra-el-dia-internacional-de-la-audicion","status":"publish","type":"post","link":"https:\/\/archive.sana.sy\/es\/?p=289691","title":{"rendered":"Siria celebra el D\u00eda Internacional de la Audici\u00f3n"},"content":{"rendered":"<p style=\"text-align: justify;\"><span style=\"color: #800000;\"><strong>Damasco, 03 mar (SANA)\u00a0 \u00a0<\/strong><\/span>Con motivo del D\u00eda Internacional de la Audici\u00f3n, y bajo el lema \u201c\u00a1Cuidado del o\u00eddo y la audici\u00f3n para todos! Hag\u00e1moslo realidad\u201d, el Ministerio de Salud de Siria asign\u00f3 40 centros sanitarios en varias provincias para la detecci\u00f3n temprana de la p\u00e9rdida auditiva para los reci\u00e9n nacidos.<\/p>\n<p style=\"text-align: justify;\">La directora de Atenci\u00f3n Primaria de Salud del Ministerio de Salud, Razan Tarabishi, comunic\u00f3 a SANA que este programa de salud tiene como objetivo concientizar sobre la importancia de la detecci\u00f3n temprana de la deficiencia auditiva y la intervenci\u00f3n oportuna para tratarla.<\/p>\n<p style=\"text-align: justify;\">Agreg\u00f3 que el a\u00f1o pasado, a trav\u00e9s de un similar programa, se realizaron evaluaciones auditivas a 10680 ni\u00f1os sirios.<\/p>\n<p style=\"text-align: justify;\">Desde 2007,\u00a0 el tres de marzo ha sido proclamado como el D\u00eda Internacional de la Audici\u00f3n por la Organizaci\u00f3n Mundial de Salud.<\/p>\n<p style=\"text-align: justify;\">rr\/sm<\/p>\n","protected":false},"excerpt":{"rendered":"<p>Damasco, 03 mar (SANA)\u00a0 \u00a0Con motivo del D\u00eda Internacional de la Audici\u00f3n, y bajo el lema \u201c\u00a1Cuidado del o\u00eddo y la audici\u00f3n para todos! Hag\u00e1moslo realidad\u201d, el Ministerio de Salud de Siria asign\u00f3 40 centros sanitarios en varias provincias para la detecci\u00f3n temprana de la p\u00e9rdida auditiva para los reci\u00e9n nacidos. La directora de Atenci\u00f3n &hellip;<\/p>\n","protected":false},"author":31,"featured_media":289696,"comment_status":"closed","ping_status":"closed","sticky":false,"template":"","format":"standard","meta":{"footnotes":""},"categories":[597,476,583],"tags":[21778,21079,19710,21779,6553],"class_list":["post-289691","post","type-post","status-publish","format-standard","has-post-thumbnail","","category-cinta-de-noticias","category-locales","category-slide","tag-audicion","tag-dia-internacional","tag-ninos","tag-oido","tag-siria"],"_links":{"self":[{"href":"https:\/\/archive.sana.sy\/es\/index.php?rest_route=\/wp\/v2\/posts\/289691"}],"collection":[{"href":"https:\/\/archive.sana.sy\/es\/index.php?rest_route=\/wp\/v2\/posts"}],"about":[{"href":"https:\/\/archive.sana.sy\/es\/index.php?rest_route=\/wp\/v2\/types\/post"}],"author":[{"embeddable":true,"href":"https:\/\/archive.sana.sy\/es\/index.php?rest_route=\/wp\/v2\/users\/31"}],"replies":[{"embeddable":true,"href":"https:\/\/archive.sana.sy\/es\/index.php?rest_route=%2Fwp%2Fv2%2Fcomments&post=289691"}],"version-history":[{"count":0,"href":"https:\/\/archive.sana.sy\/es\/index.php?rest_route=\/wp\/v2\/posts\/289691\/revisions"}],"wp:featuredmedia":[{"embeddable":true,"href":"https:\/\/archive.sana.sy\/es\/index.php?rest_route=\/wp\/v2\/media\/289696"}],"wp:attachment":[{"href":"https:\/\/archive.sana.sy\/es\/index.php?rest_route=%2Fwp%2Fv2%2Fmedia&parent=289691"}],"wp:term":[{"taxonomy":"category","embeddable":true,"href":"https:\/\/archive.sana.sy\/es\/index.php?rest_route=%2Fwp%2Fv2%2Fcategories&post=289691"},{"taxonomy":"post_tag","embeddable":true,"href":"https:\/\/archive.sana.sy\/es\/index.php?rest_route=%2Fwp%2Fv2%2Ftags&post=289691"}],"curies":[{"name":"wp","href":"https:\/\/api.w.org\/{rel}","templated":true}]}}