{"id":289700,"date":"2023-03-03T18:42:50","date_gmt":"2023-03-03T15:42:50","guid":{"rendered":"https:\/\/sana.sy\/es\/?p=289700"},"modified":"2023-03-03T20:13:28","modified_gmt":"2023-03-03T17:13:28","slug":"tres-ninos-heridos-por-estallido-de-una-carga-explosiva-dejada-por-terroristas-en-deir-ezzor","status":"publish","type":"post","link":"https:\/\/archive.sana.sy\/es\/?p=289700","title":{"rendered":"Tres ni\u00f1os heridos por estallido de una carga explosiva dejada por terroristas en Deir Ezzor"},"content":{"rendered":"<p style=\"text-align: justify;\"><span style=\"color: #800000;\"><strong>Deir Ezzor, 03 mar (SANA)\u00a0<\/strong><\/span> Tres ni\u00f1os resultaron heridos cuando un artefacto explosivo dejado por los terroristas de &#8220;Daesh&#8221; estall\u00f3 en las afueras del barrio de Al-Rusafa en la ciudad de Deir Ezzor.<\/p>\n<p style=\"text-align: justify;\">El personal m\u00e9dico del hospital al-Assad donde fueron ingresados los tres ni\u00f1os, inform\u00f3 que los menores, de entre 11 y 13 a\u00f1os de edad, recibieron varias lesiones provocadas por la explosi\u00f3n de la carga explosiva.<\/p>\n<p style=\"text-align: justify;\">En v\u00edspera, cinco ciudadanos perdieron la vida y m\u00e1s de cuarenta resultaron heridos como consecuencia de la explosi\u00f3n de una mina dejada por la organizaci\u00f3n terrorista \u201cDaesh\u201d cuando iban a buscar setas trufas en la localidad de Kabajib, en el campo suroeste de Deir Ezzor.<\/p>\n<p style=\"text-align: justify;\">sm<\/p>\n","protected":false},"excerpt":{"rendered":"<p>Deir Ezzor, 03 mar (SANA)\u00a0 Tres ni\u00f1os resultaron heridos cuando un artefacto explosivo dejado por los terroristas de &#8220;Daesh&#8221; estall\u00f3 en las afueras del barrio de Al-Rusafa en la ciudad de Deir Ezzor. El personal m\u00e9dico del hospital al-Assad donde fueron ingresados los tres ni\u00f1os, inform\u00f3 que los menores, de entre 11 y 13 a\u00f1os &hellip;<\/p>\n","protected":false},"author":39,"featured_media":289701,"comment_status":"closed","ping_status":"closed","sticky":false,"template":"","format":"standard","meta":{"footnotes":""},"categories":[477,597,573,20724,476,7541],"tags":[21782,10402,11848],"class_list":["post-289700","post","type-post","status-publish","format-standard","has-post-thumbnail","","category-noticias-edulcorantes","category-cinta-de-noticias","category-la-realidad-de-los-acontecimientos-en-siria","category-minuto-a-minuto","category-locales","category-ultimas-noticias","tag-carga-explosiva","tag-deir-ezzor","tag-heridos"],"_links":{"self":[{"href":"https:\/\/archive.sana.sy\/es\/index.php?rest_route=\/wp\/v2\/posts\/289700"}],"collection":[{"href":"https:\/\/archive.sana.sy\/es\/index.php?rest_route=\/wp\/v2\/posts"}],"about":[{"href":"https:\/\/archive.sana.sy\/es\/index.php?rest_route=\/wp\/v2\/types\/post"}],"author":[{"embeddable":true,"href":"https:\/\/archive.sana.sy\/es\/index.php?rest_route=\/wp\/v2\/users\/39"}],"replies":[{"embeddable":true,"href":"https:\/\/archive.sana.sy\/es\/index.php?rest_route=%2Fwp%2Fv2%2Fcomments&post=289700"}],"version-history":[{"count":0,"href":"https:\/\/archive.sana.sy\/es\/index.php?rest_route=\/wp\/v2\/posts\/289700\/revisions"}],"wp:featuredmedia":[{"embeddable":true,"href":"https:\/\/archive.sana.sy\/es\/index.php?rest_route=\/wp\/v2\/media\/289701"}],"wp:attachment":[{"href":"https:\/\/archive.sana.sy\/es\/index.php?rest_route=%2Fwp%2Fv2%2Fmedia&parent=289700"}],"wp:term":[{"taxonomy":"category","embeddable":true,"href":"https:\/\/archive.sana.sy\/es\/index.php?rest_route=%2Fwp%2Fv2%2Fcategories&post=289700"},{"taxonomy":"post_tag","embeddable":true,"href":"https:\/\/archive.sana.sy\/es\/index.php?rest_route=%2Fwp%2Fv2%2Ftags&post=289700"}],"curies":[{"name":"wp","href":"https:\/\/api.w.org\/{rel}","templated":true}]}}