{"id":289834,"date":"2023-03-04T19:01:26","date_gmt":"2023-03-04T16:01:26","guid":{"rendered":"http:\/\/107.6.182.27\/es\/?p=289834"},"modified":"2023-03-04T19:01:26","modified_gmt":"2023-03-04T16:01:26","slug":"los-sirios-del-golan-rechazan-plan-israeli-de-construir-turbinas-eolicas","status":"publish","type":"post","link":"https:\/\/archive.sana.sy\/es\/?p=289834","title":{"rendered":"Los sirios del Gol\u00e1n rechazan plan israel\u00ed de construir turbinas e\u00f3licas"},"content":{"rendered":"<p style=\"text-align: justify;\"><span style=\"color: #993300;\"><strong>Desde 2019, los golaneses llevan a cabo huelgas generales para hacer frente al plan expansionista de las Turbinas, que amenaza con apoderarse de m\u00e1s de 600 hect\u00e1reas de sus tierras agr\u00edcolas, sembradas de cerezos y manzanos.<\/strong><\/span><br \/>\n<span style=\"color: #993300;\"><strong>&#8220;Nosotros, los residentes del Gol\u00e1n ocupado, seguiremos siendo una parte integral de la patria, Siria, y no permitiremos que el ocupante israel\u00ed implemente sus planes coloniales\u201d, declar\u00f3 a SANA, el prisionero liberado Bishr al-Maqt.<\/strong><\/span><\/p>\n<p style=\"text-align: justify;\"><span style=\"color: #800000;\"><strong>Gol\u00e1n sirio ocupado, 4 mar (SANA)<\/strong><\/span> Los pobladores del Gol\u00e1n sirio, ocupado por \u201cIsrael\u201d desde 1967, afirmaron hoy que no regatear\u00edan sus derechos ni renunciar\u00edan un grano de tierra del Gol\u00e1n, que consideraron parte integral de Siria.<\/p>\n<p style=\"text-align: justify;\">Durante un acto de protesta en la zona de Al-Marj ubicada entre las aldeas de Masada y Majdal Shams, los pobladores reiteraron su rechazo categ\u00f3rico a las nuevas propuestas del ocupante por medio de las cuales intenta pasar el plan de turbinas e\u00f3licas.<\/p>\n<p style=\"text-align: justify;\">&#8220;Nosotros, los residentes del Gol\u00e1n ocupado, seguiremos siendo una parte integral de la patria, Siria, y no permitiremos que el ocupante israel\u00ed implemente sus planes coloniales\u201d, declar\u00f3 a SANA, el prisionero liberado Bishr al-Maqt.<\/p>\n<p style=\"text-align: justify;\">Reafirm\u00f3 que los golaneses, adultos y menores, pelear\u00e1n en esta batalla hasta frustrar el plan de las Turbinas, tal como frustraron los anteriores planes coloniales de judaizaci\u00f3n.<\/p>\n<p style=\"text-align: justify;\">Desde 2019, los golaneses llevan a cabo huelgas generales para hacer frente al plan expansionista de las Turbinas, que amenaza con apoderarse de m\u00e1s de 600 hect\u00e1reas de sus tierras agr\u00edcolas, sembradas de cerezos y manzanos.<\/p>\n<p style=\"text-align: justify;\">Siria reafirm\u00f3 constantemente que el Gol\u00e1n ocupado es parte integral de su territorio y lo devolver\u00e1 por todos los medios disponibles.<\/p>\n<p style=\"text-align: justify;\">Las Naciones Unidas tambi\u00e9n insiste constantemente en la necesidad de que \u201cIsrael\u201d se retire de este territorio hasta la l\u00ednea del 4 de junio de 1967 y detenga todas las acciones coloniales.<\/p>\n<p style=\"text-align: justify;\">Destac\u00f3 que todas las medidas tomadas o ser\u00e1n tomadas por el ocupante israel\u00ed con la objetivo de cambiar el car\u00e1cter del Gol\u00e1n sirio y su estatus legal son nulas y sin efecto, y constituyen una violaci\u00f3n flagrante del derecho internacional y las resoluciones de legitimidad internacional.<\/p>\n<p style=\"text-align: justify;\">fm\/as<\/p>\n","protected":false},"excerpt":{"rendered":"<p>Desde 2019, los golaneses llevan a cabo huelgas generales para hacer frente al plan expansionista de las Turbinas, que amenaza con apoderarse de m\u00e1s de 600 hect\u00e1reas de sus tierras agr\u00edcolas, sembradas de cerezos y manzanos. &#8220;Nosotros, los residentes del Gol\u00e1n ocupado, seguiremos siendo una parte integral de la patria, Siria, y no permitiremos que &hellip;<\/p>\n","protected":false},"author":42,"featured_media":289835,"comment_status":"closed","ping_status":"closed","sticky":false,"template":"","format":"standard","meta":{"footnotes":""},"categories":[597,20724,467,583],"tags":[],"class_list":["post-289834","post","type-post","status-publish","format-standard","has-post-thumbnail","","category-cinta-de-noticias","category-minuto-a-minuto","category-siria-y-el-mundo","category-slide"],"_links":{"self":[{"href":"https:\/\/archive.sana.sy\/es\/index.php?rest_route=\/wp\/v2\/posts\/289834"}],"collection":[{"href":"https:\/\/archive.sana.sy\/es\/index.php?rest_route=\/wp\/v2\/posts"}],"about":[{"href":"https:\/\/archive.sana.sy\/es\/index.php?rest_route=\/wp\/v2\/types\/post"}],"author":[{"embeddable":true,"href":"https:\/\/archive.sana.sy\/es\/index.php?rest_route=\/wp\/v2\/users\/42"}],"replies":[{"embeddable":true,"href":"https:\/\/archive.sana.sy\/es\/index.php?rest_route=%2Fwp%2Fv2%2Fcomments&post=289834"}],"version-history":[{"count":0,"href":"https:\/\/archive.sana.sy\/es\/index.php?rest_route=\/wp\/v2\/posts\/289834\/revisions"}],"wp:featuredmedia":[{"embeddable":true,"href":"https:\/\/archive.sana.sy\/es\/index.php?rest_route=\/wp\/v2\/media\/289835"}],"wp:attachment":[{"href":"https:\/\/archive.sana.sy\/es\/index.php?rest_route=%2Fwp%2Fv2%2Fmedia&parent=289834"}],"wp:term":[{"taxonomy":"category","embeddable":true,"href":"https:\/\/archive.sana.sy\/es\/index.php?rest_route=%2Fwp%2Fv2%2Fcategories&post=289834"},{"taxonomy":"post_tag","embeddable":true,"href":"https:\/\/archive.sana.sy\/es\/index.php?rest_route=%2Fwp%2Fv2%2Ftags&post=289834"}],"curies":[{"name":"wp","href":"https:\/\/api.w.org\/{rel}","templated":true}]}}