{"id":289837,"date":"2023-03-04T19:43:21","date_gmt":"2023-03-04T16:43:21","guid":{"rendered":"https:\/\/sana.sy\/es\/?p=289837"},"modified":"2023-03-04T19:44:00","modified_gmt":"2023-03-04T16:44:00","slug":"acto-en-tunez-para-exigir-fin-del-bloqueo-impuesto-a-siria","status":"publish","type":"post","link":"https:\/\/archive.sana.sy\/es\/?p=289837","title":{"rendered":"Acto en T\u00fanez para exigir fin del bloqueo impuesto a Siria"},"content":{"rendered":"<blockquote>\n<p style=\"text-align: justify;\"><span style=\"color: #800000;\"><em><strong>Durante el acto, los participantes denunciaron el injusto asedio impuesto a Siria por el imperialismo estadounidense y sus aliados, y pidieron su fin inmediato y el restablecimiento de las relaciones \u00e1rabes e internacionales con Siria.<\/strong><\/em><\/span><\/p>\n<\/blockquote>\n<p style=\"text-align: justify;\"><strong>T\u00fanez, 04 mar (SANA)<\/strong> La Uni\u00f3n de Estudiantes Sirios en T\u00fanez y la Coordinadora Nacional Tunecina para Romper el Cerco impuesto a Siria organizaron un acto solidaria en T\u00fanez, para exigir el fin del injusto bloqueo impuesto a Siria.<\/p>\n<p style=\"text-align: justify;\">Durante el acto, los participantes denunciaron el injusto asedio impuesto a Siria por el imperialismo estadounidense y sus aliados, y pidieron su fin inmediato y el restablecimiento de las relaciones \u00e1rabes e internacionales con Siria.<\/p>\n<p style=\"text-align: justify;\">Asimismo, pidieron enviar ayuda humanitaria urgente a los afectados por el terremoto en Siria y continuar organizando actos de solidaridad con Damasco y apoyar al pueblo sirio.<\/p>\n<div id='gallery-1' class='gallery galleryid-289837 gallery-columns-1 gallery-size-full'><figure class='gallery-item'>\n\t\t\t<div class='gallery-icon landscape'>\n\t\t\t\t<a href='https:\/\/archive.sana.sy\/es\/?attachment_id=289840'><img loading=\"lazy\" decoding=\"async\" width=\"660\" height=\"389\" src=\"https:\/\/archive.sana.sy\/es\/wp-content\/uploads\/2023\/03\/Acto-Tunez-exigir-fin-bloqueo-impuesto-Siria1.jpeg\" class=\"attachment-full size-full\" alt=\"\" srcset=\"https:\/\/archive.sana.sy\/es\/wp-content\/uploads\/2023\/03\/Acto-Tunez-exigir-fin-bloqueo-impuesto-Siria1.jpeg 660w, https:\/\/archive.sana.sy\/es\/wp-content\/uploads\/2023\/03\/Acto-Tunez-exigir-fin-bloqueo-impuesto-Siria1-300x177.jpeg 300w, https:\/\/archive.sana.sy\/es\/wp-content\/uploads\/2023\/03\/Acto-Tunez-exigir-fin-bloqueo-impuesto-Siria1-150x88.jpeg 150w\" sizes=\"(max-width: 660px) 100vw, 660px\" \/><\/a>\n\t\t\t<\/div><\/figure><figure class='gallery-item'>\n\t\t\t<div class='gallery-icon landscape'>\n\t\t\t\t<a href='https:\/\/archive.sana.sy\/es\/?attachment_id=289841'><img loading=\"lazy\" decoding=\"async\" width=\"660\" height=\"458\" src=\"https:\/\/archive.sana.sy\/es\/wp-content\/uploads\/2023\/03\/Acto-Tunez-exigir-fin-bloqueo-impuesto-Siria2.jpeg\" class=\"attachment-full size-full\" alt=\"\" srcset=\"https:\/\/archive.sana.sy\/es\/wp-content\/uploads\/2023\/03\/Acto-Tunez-exigir-fin-bloqueo-impuesto-Siria2.jpeg 660w, https:\/\/archive.sana.sy\/es\/wp-content\/uploads\/2023\/03\/Acto-Tunez-exigir-fin-bloqueo-impuesto-Siria2-300x208.jpeg 300w, https:\/\/archive.sana.sy\/es\/wp-content\/uploads\/2023\/03\/Acto-Tunez-exigir-fin-bloqueo-impuesto-Siria2-150x104.jpeg 150w, https:\/\/archive.sana.sy\/es\/wp-content\/uploads\/2023\/03\/Acto-Tunez-exigir-fin-bloqueo-impuesto-Siria2-110x75.jpeg 110w\" sizes=\"(max-width: 660px) 100vw, 660px\" \/><\/a>\n\t\t\t<\/div><\/figure><figure class='gallery-item'>\n\t\t\t<div class='gallery-icon landscape'>\n\t\t\t\t<a href='https:\/\/archive.sana.sy\/es\/?attachment_id=289842'><img loading=\"lazy\" decoding=\"async\" width=\"660\" height=\"370\" src=\"https:\/\/archive.sana.sy\/es\/wp-content\/uploads\/2023\/03\/Acto-Tunez-exigir-fin-bloqueo-impuesto-Siria3.jpeg\" class=\"attachment-full size-full\" alt=\"\" srcset=\"https:\/\/archive.sana.sy\/es\/wp-content\/uploads\/2023\/03\/Acto-Tunez-exigir-fin-bloqueo-impuesto-Siria3.jpeg 660w, https:\/\/archive.sana.sy\/es\/wp-content\/uploads\/2023\/03\/Acto-Tunez-exigir-fin-bloqueo-impuesto-Siria3-300x168.jpeg 300w, https:\/\/archive.sana.sy\/es\/wp-content\/uploads\/2023\/03\/Acto-Tunez-exigir-fin-bloqueo-impuesto-Siria3-150x84.jpeg 150w\" sizes=\"(max-width: 660px) 100vw, 660px\" \/><\/a>\n\t\t\t<\/div><\/figure>\n\t\t<\/div>\n\n<p style=\"text-align: justify;\">sm\/fm<\/p>\n","protected":false},"excerpt":{"rendered":"<p>Durante el acto, los participantes denunciaron el injusto asedio impuesto a Siria por el imperialismo estadounidense y sus aliados, y pidieron su fin inmediato y el restablecimiento de las relaciones \u00e1rabes e internacionales con Siria. T\u00fanez, 04 mar (SANA) La Uni\u00f3n de Estudiantes Sirios en T\u00fanez y la Coordinadora Nacional Tunecina para Romper el Cerco &hellip;<\/p>\n","protected":false},"author":39,"featured_media":289838,"comment_status":"closed","ping_status":"closed","sticky":false,"template":"","format":"standard","meta":{"footnotes":""},"categories":[597,20724,467,7541],"tags":[],"class_list":["post-289837","post","type-post","status-publish","format-standard","has-post-thumbnail","","category-cinta-de-noticias","category-minuto-a-minuto","category-siria-y-el-mundo","category-ultimas-noticias"],"_links":{"self":[{"href":"https:\/\/archive.sana.sy\/es\/index.php?rest_route=\/wp\/v2\/posts\/289837"}],"collection":[{"href":"https:\/\/archive.sana.sy\/es\/index.php?rest_route=\/wp\/v2\/posts"}],"about":[{"href":"https:\/\/archive.sana.sy\/es\/index.php?rest_route=\/wp\/v2\/types\/post"}],"author":[{"embeddable":true,"href":"https:\/\/archive.sana.sy\/es\/index.php?rest_route=\/wp\/v2\/users\/39"}],"replies":[{"embeddable":true,"href":"https:\/\/archive.sana.sy\/es\/index.php?rest_route=%2Fwp%2Fv2%2Fcomments&post=289837"}],"version-history":[{"count":0,"href":"https:\/\/archive.sana.sy\/es\/index.php?rest_route=\/wp\/v2\/posts\/289837\/revisions"}],"wp:featuredmedia":[{"embeddable":true,"href":"https:\/\/archive.sana.sy\/es\/index.php?rest_route=\/wp\/v2\/media\/289838"}],"wp:attachment":[{"href":"https:\/\/archive.sana.sy\/es\/index.php?rest_route=%2Fwp%2Fv2%2Fmedia&parent=289837"}],"wp:term":[{"taxonomy":"category","embeddable":true,"href":"https:\/\/archive.sana.sy\/es\/index.php?rest_route=%2Fwp%2Fv2%2Fcategories&post=289837"},{"taxonomy":"post_tag","embeddable":true,"href":"https:\/\/archive.sana.sy\/es\/index.php?rest_route=%2Fwp%2Fv2%2Ftags&post=289837"}],"curies":[{"name":"wp","href":"https:\/\/api.w.org\/{rel}","templated":true}]}}