{"id":289844,"date":"2023-03-04T19:52:22","date_gmt":"2023-03-04T16:52:22","guid":{"rendered":"http:\/\/107.6.182.27\/es\/?p=289844"},"modified":"2023-03-04T19:52:22","modified_gmt":"2023-03-04T16:52:22","slug":"medvedev-una-fabrica-alemana-de-tanques-en-ucrania-sera-blanco-de-rusia","status":"publish","type":"post","link":"https:\/\/archive.sana.sy\/es\/?p=289844","title":{"rendered":"Medv\u00e9dev: Una f\u00e1brica alemana de tanques en Ucrania ser\u00e1 blanco de Rusia"},"content":{"rendered":"<blockquote>\n<p style=\"text-align: justify;\"><span style=\"color: #993300;\"><strong>\u201cRusia acoger\u00eda el plan alem\u00e1n de construir una planta de tanques Leopard en Ucrania con una lluvia de misiles\u201d<\/strong><\/span><\/p>\n<\/blockquote>\n<p style=\"text-align: justify;\"><span style=\"color: #800000;\"><strong>Mosc\u00fa, 04mar (SANA)<\/strong><\/span> El vicepresidente del Consejo de Seguridad de Rusia, Dmitri Medv\u00e9dev, afirm\u00f3 que la intenci\u00f3n del fabricante de tanques Leopard de abrir una sucursal en Kiev muestra el persistente enfoque de escalada de Ucraniana.<\/p>\n<p style=\"text-align: justify;\">Citado por Russia Today, Medv\u00e9dev prometi\u00f3 que su pa\u00eds acoger\u00eda la referida f\u00e1brica alemana con una lluvia de misiles.<\/p>\n<p style=\"text-align: justify;\">&#8220;La noticia de que la compa\u00f1\u00eda alemana Rheinmetall pretende construir una planta de tanques Leopard en Ucrania es muy similar al enfoque primitivo de escalada del r\u00e9gimen de Kiev\u201d, dijo el alto funcionario.<\/p>\n<p style=\"text-align: justify;\">Por su parte, el jefe del Comit\u00e9 de Asuntos Internacionales en el Consejo de la Federaci\u00f3n Rusa, Gregory Karasin, declar\u00f3 que la construcci\u00f3n de una gran f\u00e1brica de armas en Ucrania perteneciente a la empresa Rheinmetall indica la tendencia de Alemania y la OTAN a escalar la crisis ucraniana en lugar de resolverla.<\/p>\n<p style=\"text-align: justify;\">as\/fm<\/p>\n","protected":false},"excerpt":{"rendered":"<p>\u201cRusia acoger\u00eda el plan alem\u00e1n de construir una planta de tanques Leopard en Ucrania con una lluvia de misiles\u201d Mosc\u00fa, 04mar (SANA) El vicepresidente del Consejo de Seguridad de Rusia, Dmitri Medv\u00e9dev, afirm\u00f3 que la intenci\u00f3n del fabricante de tanques Leopard de abrir una sucursal en Kiev muestra el persistente enfoque de escalada de Ucraniana. &hellip;<\/p>\n","protected":false},"author":42,"featured_media":289845,"comment_status":"closed","ping_status":"closed","sticky":false,"template":"","format":"standard","meta":{"footnotes":""},"categories":[597,456,16687,20724,7541],"tags":[],"class_list":["post-289844","post","type-post","status-publish","format-standard","has-post-thumbnail","","category-cinta-de-noticias","category-arabe-internacional-politica","category-internacionales","category-minuto-a-minuto","category-ultimas-noticias"],"_links":{"self":[{"href":"https:\/\/archive.sana.sy\/es\/index.php?rest_route=\/wp\/v2\/posts\/289844"}],"collection":[{"href":"https:\/\/archive.sana.sy\/es\/index.php?rest_route=\/wp\/v2\/posts"}],"about":[{"href":"https:\/\/archive.sana.sy\/es\/index.php?rest_route=\/wp\/v2\/types\/post"}],"author":[{"embeddable":true,"href":"https:\/\/archive.sana.sy\/es\/index.php?rest_route=\/wp\/v2\/users\/42"}],"replies":[{"embeddable":true,"href":"https:\/\/archive.sana.sy\/es\/index.php?rest_route=%2Fwp%2Fv2%2Fcomments&post=289844"}],"version-history":[{"count":0,"href":"https:\/\/archive.sana.sy\/es\/index.php?rest_route=\/wp\/v2\/posts\/289844\/revisions"}],"wp:featuredmedia":[{"embeddable":true,"href":"https:\/\/archive.sana.sy\/es\/index.php?rest_route=\/wp\/v2\/media\/289845"}],"wp:attachment":[{"href":"https:\/\/archive.sana.sy\/es\/index.php?rest_route=%2Fwp%2Fv2%2Fmedia&parent=289844"}],"wp:term":[{"taxonomy":"category","embeddable":true,"href":"https:\/\/archive.sana.sy\/es\/index.php?rest_route=%2Fwp%2Fv2%2Fcategories&post=289844"},{"taxonomy":"post_tag","embeddable":true,"href":"https:\/\/archive.sana.sy\/es\/index.php?rest_route=%2Fwp%2Fv2%2Ftags&post=289844"}],"curies":[{"name":"wp","href":"https:\/\/api.w.org\/{rel}","templated":true}]}}