{"id":28985,"date":"2015-08-26T16:35:11","date_gmt":"2015-08-26T13:35:11","guid":{"rendered":"http:\/\/sana.sy\/es\/?p=28985"},"modified":"2015-08-26T17:51:45","modified_gmt":"2015-08-26T14:51:45","slug":"umakhanov-destaca-necesidad-de-apoyar-al-ejercito-sirio-en-la-guerra-contra-el-terrorismo","status":"publish","type":"post","link":"https:\/\/archive.sana.sy\/es\/?p=28985","title":{"rendered":"Umakhanov destaca necesidad de apoyar al ej\u00e9rcito sirio en la guerra contra el terrorismo"},"content":{"rendered":"<p><span style=\"color: #800000\">Mosc\u00fa, SANA<\/span><\/p>\n<p>El vicepresidente del Consejo de la Federaci\u00f3n de Rusia, Ilyas Umakhanov, destac\u00f3 la necesidad de preservar todas las instituciones estatales de Siria, especialmente la del Ej\u00e9rcito sirio que hace frente al terrorismo y merece el pleno apoyo.<\/p>\n<p>Al reunirse con la delegaci\u00f3n del Comit\u00e9 para el Seguimiento del Di\u00e1logo Nacional Sirio que se encuentra de visita a Mosc\u00fa, Umakhanov se\u00f1al\u00f3 que la crisis siria se debe a la pol\u00edtica ileg\u00edtima de algunos pa\u00edses occidentales que patrocinan el terrorismo.<\/p>\n<p>Asimismo llam\u00f3 a aunar esfuerzos contra el terrorismo, plasmado en la organizaci\u00f3n terrorista del Estado Isl\u00e1mico y el Frente de al-Nousra para que el proceso pol\u00edtico en Siria desarrolle de forma sistematizada y eficiente.<\/p>\n<p>En este contexto, el alto diplom\u00e1tico ruso aclar\u00f3 que Rusia trabaja mediante diversas modalidades para impedir que los j\u00f3venes se sumen a las filas de las organizaciones terroristas.<\/p>\n<p>Por otro lado, enfatiz\u00f3 que Rusia mantendr\u00e1 su apoyo t\u00e9cnico-militar a Siria, cumplir\u00e1 sus obligaciones de reforzar las capacidades de defensa de esta naci\u00f3n y la ayudar\u00e1 en su guerra contra el terrorismo y en el \u00e1mbito de la asistencia humanitaria.<\/p>\n<p>Mosc\u00fa trabaja para reunir a todas las fuerzas pol\u00edticas sirias que buscan restablecer la seguridad y paz en Siria, y para que la voz de la \u201coposici\u00f3n siria constructiva\u201d se escuche de forma mejor, a\u00f1adi\u00f3.<\/p>\n<p>Umakhanov subray\u00f3 la importancia de una amplia representaci\u00f3n de la oposici\u00f3n, especialmente la del interior en todas las reuniones relacionadas con el arreglo de la crisis siria. \u201cSin una amplia representaci\u00f3n de los factores de poder pol\u00edtico la soluci\u00f3n pol\u00edtica resultar\u00e1 muy dif\u00edcil\u201d, dijo.<\/p>\n<p>\u201cResulta dif\u00edcil hablar de un consenso y una estructura determinada y unificada del Estado, tomando en cuenta la continuaci\u00f3n de algunos actores internacionales de buscar fragmentar a Siria\u201d, sostuvo, por lo tanto \u201cha de aunar esfuerzos y crear una amplia alianza para luchar contra el terrorismo, cuyo centro ser\u00e1 Siria y su ej\u00e9rcito, la cual contar\u00e1 con la ayuda de todas las fuerzas eficientes apegadas verdaderamente a los principios de la preservaci\u00f3n de la soberan\u00eda e integridad territorial de Siria\u201d, continu\u00f3.<\/p>\n<p>A su vez, el ministro del Estado para Asuntos de Reconciliaci\u00f3n Nacional sirio, presidente del Partido Sirio Nacional Social, y jefe de la delegaci\u00f3n siria, Ali Haidar agradeci\u00f3 al liderazgo ruso por su apoyo a Siria en todos los \u00e1mbitos para mantener la soberan\u00eda y estabilidad del Estado sirio.<\/p>\n<p>Haidar explic\u00f3 que el Comit\u00e9 para el Seguimiento del Di\u00e1logo Nacional incluye a la mayor\u00eda de los partidos sirios, por consiguiente es la primera expresi\u00f3n de una seria voluntad de trabajo para alcanzar una soluci\u00f3n de la crisis, a\u00f1adiendo que la visita de la delegaci\u00f3n se realiza dentro de objetivas y maduras circunstancias a nivel regional e internacional, resultantes de los cambios que se han producido recientemente debido a la precisa y firme pol\u00edtica de Rusia y el crecimiento del terrorismo en el territorio sirio, que ha comenzado a amenazar algunos pa\u00edses que lo patrocinan.<br \/>\nEl ministro sirio explic\u00f3 que las fuerzas pol\u00edticas no tienen peso en el terreno contra el terrorismo, por lo tanto el proceso pol\u00edtico no est\u00e1 destinado hoy en d\u00eda a cambiar la estructura del Estado sirio, como se hablaba antes, sino que a movilizar a todas las fuerzas para asumir la misi\u00f3n principal que es la lucha contra el terrorismo.<\/p>\n<p>El presidente de la delegaci\u00f3n siria reiter\u00f3 el apoyo del Comit\u00e9 para el Seguimiento del Di\u00e1logo Nacional a todos los esfuerzos rusos encaminados a arreglar la crisis siria mediante crear condiciones adecuadas a los sirios para que dialoguen, a\u00f1adiendo que el papel de la comunidad internacional debe limitarse a contribuir a garantizar el \u00e9xito de este di\u00e1logo. Asimismo destac\u00f3 que a\u00fan las condiciones no son propicias para la celebraci\u00f3n de Ginebra III y hay necesidad urgente para sostener una reuni\u00f3n en Mosc\u00fa antes de en cualquier otro lugar.<\/p>\n<p>Haidar subray\u00f3 que los terroristas no pueden formar parte del proceso pol\u00edtico, y el ej\u00e9rcito sirio es el \u00fanico que puede hacer frente al terrorismo en el terreno.<\/p>\n<p>Igualmente, el miembro del Comit\u00e9 de Asuntos Extranjeros en el Consejo de la Federaci\u00f3n de Rusia, Igor Marozov subray\u00f3 en declaraciones al reportero de SANA en Mosc\u00fa, que el mandatario sirio Bashar al-Assad es un presidente reelegido de forma leg\u00edtima y representa a la sociedad siria, por lo tanto hay que tomar esta realidad en cuenta en todas las conversaciones relacionadas con la soluci\u00f3n de la crisis siria.<\/p>\n<p>Marozov calific\u00f3 de positivas los resultados de ambas reuniones consultivas sostenidas en Mosc\u00fa, aclarando que el encuentro de Mosc\u00fa III se debe celebrar bas\u00e1ndose en una amplia representaci\u00f3n de todos los bandos y las fuerzas pol\u00edticas.<\/p>\n<p>&nbsp;<\/p>\n<p>&nbsp;<\/p>\n<p>Lynn A.<\/p>\n","protected":false},"excerpt":{"rendered":"<p>Mosc\u00fa, SANA El vicepresidente del Consejo de la Federaci\u00f3n de Rusia, Ilyas Umakhanov, destac\u00f3 la necesidad de preservar todas las instituciones estatales de Siria, especialmente la del Ej\u00e9rcito sirio que hace frente al terrorismo y merece el pleno apoyo. Al reunirse con la delegaci\u00f3n del Comit\u00e9 para el Seguimiento del Di\u00e1logo Nacional Sirio que se &hellip;<\/p>\n","protected":false},"author":24,"featured_media":28986,"comment_status":"closed","ping_status":"closed","sticky":false,"template":"","format":"standard","meta":{"footnotes":""},"categories":[456,457],"tags":[6415],"class_list":["post-28985","post","type-post","status-publish","format-standard","has-post-thumbnail","","category-arabe-internacional-politica","category-noticias-arabe-internacional-politica","tag-umakhanov-destaca-necesidad-de-apoyar-al-ejercito-sirio-en-la-guerra-contra-el-terrorismo"],"_links":{"self":[{"href":"https:\/\/archive.sana.sy\/es\/index.php?rest_route=\/wp\/v2\/posts\/28985"}],"collection":[{"href":"https:\/\/archive.sana.sy\/es\/index.php?rest_route=\/wp\/v2\/posts"}],"about":[{"href":"https:\/\/archive.sana.sy\/es\/index.php?rest_route=\/wp\/v2\/types\/post"}],"author":[{"embeddable":true,"href":"https:\/\/archive.sana.sy\/es\/index.php?rest_route=\/wp\/v2\/users\/24"}],"replies":[{"embeddable":true,"href":"https:\/\/archive.sana.sy\/es\/index.php?rest_route=%2Fwp%2Fv2%2Fcomments&post=28985"}],"version-history":[{"count":0,"href":"https:\/\/archive.sana.sy\/es\/index.php?rest_route=\/wp\/v2\/posts\/28985\/revisions"}],"wp:featuredmedia":[{"embeddable":true,"href":"https:\/\/archive.sana.sy\/es\/index.php?rest_route=\/wp\/v2\/media\/28986"}],"wp:attachment":[{"href":"https:\/\/archive.sana.sy\/es\/index.php?rest_route=%2Fwp%2Fv2%2Fmedia&parent=28985"}],"wp:term":[{"taxonomy":"category","embeddable":true,"href":"https:\/\/archive.sana.sy\/es\/index.php?rest_route=%2Fwp%2Fv2%2Fcategories&post=28985"},{"taxonomy":"post_tag","embeddable":true,"href":"https:\/\/archive.sana.sy\/es\/index.php?rest_route=%2Fwp%2Fv2%2Ftags&post=28985"}],"curies":[{"name":"wp","href":"https:\/\/api.w.org\/{rel}","templated":true}]}}